{"id":3768,"date":"2025-09-10T08:30:08","date_gmt":"2025-09-10T12:30:08","guid":{"rendered":"https:\/\/radiopoloniawinnipeg.com\/index.php\/2025\/09\/10\/nato-uruchomilo-art-4-paktu-polnocnoatlantyckiego\/"},"modified":"2025-09-10T08:30:08","modified_gmt":"2025-09-10T12:30:08","slug":"nato-uruchomilo-art-4-paktu-polnocnoatlantyckiego","status":"publish","type":"post","link":"https:\/\/radiopoloniawinnipeg.com\/index.php\/2025\/09\/10\/nato-uruchomilo-art-4-paktu-polnocnoatlantyckiego\/","title":{"rendered":"NATO uruchomi\u0142o art. 4. Paktu P\u00f3\u0142nocnoatlantyckiego"},"content":{"rendered":"<p><img decoding=\"async\" loading=\"lazy\" class=\"aligncenter size-custom-full-size wp-image-222731\" src=\"https:\/\/bejsment.com\/wp-content\/uploads\/2025\/09\/aanatopolska-636x357.jpg\" alt=\"\" width=\"636\" height=\"357\" \/><\/p>\n<p><strong>NATO uruchomi\u0142o art. 4. Paktu P\u00f3\u0142nocnoatlantyckiego &#8211; potwierdzi\u0142 Polsat News rzecznik rz\u0105du Adam Sz\u0142apka. Wcze\u015bniej premier Donald Tusk informowa\u0142, \u017ce formalny wniosek o to z\u0142o\u017cy\u0142a Polska. <\/strong><\/p>\n<p>&#8211; Konsultacje z sojusznikami przybra\u0142y charakter wniosku formalnego o uruchomienie art. 4. NATO &#8211; przekaza\u0142 Donald Tusk po godz. 10 w czasie przem\u00f3wienia w Sejmie.<\/p>\n<p>Jak doda\u0142 premier, art. 4. to dopiero pocz\u0105tek. &#8211; B\u0119dziemy oczekiwali w czasie konsultacji zdecydowanie wi\u0119kszego wsparcia. To konfrontacja, kt\u00f3r\u0105 Rosja wypowiedzia\u0142a wolnemu \u015bwiatu &#8211; zaznaczy\u0142 szef rz\u0105du.<\/p>\n<p>Po godz. 13 rzecznik rz\u0105du Adam Sz\u0142apka poinformowa\u0142 w rozmowie z Polsat News, \u017ce NATO uruchomi\u0142o art. 4. Paktu P\u00f3\u0142nocnoatlantyckiego.<\/p>\n<h3><strong>Czym jest art. 4. NATO?<\/strong><\/h3>\n<p>Zgodnie z artyku\u0142em 4. traktatu za\u0142o\u017cycielskiego NATO, pa\u0144stwa cz\u0142onkowskie mog\u0105 zwr\u00f3ci\u0107 uwag\u0119 Rady P\u00f3\u0142nocnoatlantyckiej (g\u0142\u00f3wnego politycznego organu decyzyjnego NATO) na sytuacj\u0119 problematyczn\u0105 i przedyskutowa\u0107 j\u0105 z sojusznikami.<\/p>\n<p>Artyku\u0142 4. brzmi: \u201eStrony b\u0119d\u0105 si\u0119 wsp\u00f3lnie konsultowa\u0142y, ilekro\u0107 &#8211; zdaniem kt\u00f3rejkolwiek z nich &#8211; zagro\u017cone b\u0119d\u0105: integralno\u015b\u0107 terytorialna, niezale\u017cno\u015b\u0107 polityczna lub bezpiecze\u0144stwo kt\u00f3rejkolwiek ze Stron&#8221;.<\/p>\n<p>W historii Sojuszu P\u00f3\u0142nocnoatlantyckiego, od 1949 r., na artyku\u0142 4. powo\u0142ano si\u0119 siedem razy. Polska uczyni\u0142a to w 2022 r., wraz z grup\u0105 sojusznik\u00f3w, w zwi\u0105zku z pe\u0142noskalow\u0105 agresj\u0105 Rosji na Ukrain\u0119, a tak\u017ce wcze\u015bniej, w 2014 r., w zwi\u0105zku z wywo\u0142anym przez Rosj\u0119 kryzysem na Krymie i w Donbasie.<\/p>\n<h3><strong>Wojsko poda\u0142o liczby<\/strong><\/h3>\n<p>W nocy z wtorku na \u015brod\u0119 dosz\u0142o do bezprecedensowego ataku Rosjan w Ukrainie. Bezza\u0142ogowce wielokrotnie naruszy\u0142y polsk\u0105 przestrze\u0144 powietrzn\u0105.<\/p>\n<p>Pierwsze naruszenie nast\u0105pi\u0142o we wtorek o 23:30, ostatnie w \u015brod\u0119 o 6:30. Mowa o 19 dronach, z kt\u00f3rych cz\u0119\u015b\u0107 nadlecia\u0142a z Bia\u0142orusi. Zestrzelono trzy lub cztery z nich.<\/p>\n<p>Wed\u0142ug informacji polskich s\u0142u\u017cb na godz. 11 znaleziono siedem dron\u00f3w i pocisk \u201eniewiadomego pochodzenia&#8221;.<\/p>\n<ul>\n<li>Cze\u015bniki (pow. zamojski) &#8211; 1 dron<\/li>\n<li>Czosn\u00f3wka (pow. bialski) &#8211; 1 dron<\/li>\n<li>Wyryki (pow. w\u0142odawski) &#8211; 1 dron (uszkodzony zosta\u0142 budynek i samoch\u00f3d osobowy)<\/li>\n<li>Krzywowierzba-Kolonia (pow. parczewski) &#8211; 1 dron<\/li>\n<li>Wyhalew (pow. parczewski) &#8211; szcz\u0105tki pocisku niewiadomego pochodzenia<\/li>\n<li>Wohy\u0144 (pow. radzy\u0144ski) &#8211; 1 dron<\/li>\n<li>Mniszk\u00f3w (pow. opoczy\u0144ski) &#8211; 1 dron<\/li>\n<li>Ole\u015bno (pow. elbl\u0105ski) &#8211; 1 dron<\/li>\n<\/ul>\n","protected":false},"excerpt":{"rendered":"<p>NATO uruchomi\u0142o art. 4. Paktu P\u00f3\u0142nocnoatlantyckiego &#8211; potwierdzi\u0142 Polsat News rzecznik rz\u0105du Adam Sz\u0142apka. Wcze\u015bniej premier Donald Tusk informowa\u0142, \u017ce formalny wniosek o to z\u0142o\u017cy\u0142a&hellip;<\/p>\n","protected":false},"author":3,"featured_media":3769,"comment_status":"open","ping_status":"open","sticky":false,"template":"","format":"standard","meta":{"footnotes":""},"categories":[15,18],"tags":[],"class_list":["post-3768","post","type-post","status-publish","format-standard","has-post-thumbnail","hentry","category-swiat","category-top-news"],"_links":{"self":[{"href":"https:\/\/radiopoloniawinnipeg.com\/index.php\/wp-json\/wp\/v2\/posts\/3768","targetHints":{"allow":["GET"]}}],"collection":[{"href":"https:\/\/radiopoloniawinnipeg.com\/index.php\/wp-json\/wp\/v2\/posts"}],"about":[{"href":"https:\/\/radiopoloniawinnipeg.com\/index.php\/wp-json\/wp\/v2\/types\/post"}],"author":[{"embeddable":true,"href":"https:\/\/radiopoloniawinnipeg.com\/index.php\/wp-json\/wp\/v2\/users\/3"}],"replies":[{"embeddable":true,"href":"https:\/\/radiopoloniawinnipeg.com\/index.php\/wp-json\/wp\/v2\/comments?post=3768"}],"version-history":[{"count":0,"href":"https:\/\/radiopoloniawinnipeg.com\/index.php\/wp-json\/wp\/v2\/posts\/3768\/revisions"}],"wp:featuredmedia":[{"embeddable":true,"href":"https:\/\/radiopoloniawinnipeg.com\/index.php\/wp-json\/wp\/v2\/media\/3769"}],"wp:attachment":[{"href":"https:\/\/radiopoloniawinnipeg.com\/index.php\/wp-json\/wp\/v2\/media?parent=3768"}],"wp:term":[{"taxonomy":"category","embeddable":true,"href":"https:\/\/radiopoloniawinnipeg.com\/index.php\/wp-json\/wp\/v2\/categories?post=3768"},{"taxonomy":"post_tag","embeddable":true,"href":"https:\/\/radiopoloniawinnipeg.com\/index.php\/wp-json\/wp\/v2\/tags?post=3768"}],"curies":[{"name":"wp","href":"https:\/\/api.w.org\/{rel}","templated":true}]}}