{"id":3774,"date":"2025-09-10T12:15:07","date_gmt":"2025-09-10T16:15:07","guid":{"rendered":"https:\/\/radiopoloniawinnipeg.com\/index.php\/2025\/09\/10\/dyktator-wenezueli-trzecia-wojna-swiatowa-juz-trwa\/"},"modified":"2025-09-10T12:15:07","modified_gmt":"2025-09-10T16:15:07","slug":"dyktator-wenezueli-trzecia-wojna-swiatowa-juz-trwa","status":"publish","type":"post","link":"https:\/\/radiopoloniawinnipeg.com\/index.php\/2025\/09\/10\/dyktator-wenezueli-trzecia-wojna-swiatowa-juz-trwa\/","title":{"rendered":"Dyktator Wenezueli: \u201eTrzecia wojna \u015bwiatowa ju\u017c trwa\u201d"},"content":{"rendered":"<p><img decoding=\"async\" loading=\"lazy\" class=\"aligncenter size-custom-full-size wp-image-222708\" src=\"https:\/\/bejsment.com\/wp-content\/uploads\/2025\/09\/aamaduro-636x478.jpg\" alt=\"\" width=\"636\" height=\"478\" \/><\/p>\n<p><strong>Nicolas Maduro, nieuznawany przez demokratyczne kraje przyw\u00f3dca Wenezueli, w wywiadzie dla prorosyjskiej telewizji \u201eRussia Today\u201d stwierdzi\u0142, \u017ce \u015bwiat ju\u017c znajduje si\u0119 w stanie globalnego konfliktu.<\/strong><\/p>\n<p>\u2013 Papie\u017c Franciszek powiedzia\u0142 dwa lata temu, \u017ce zmierzamy ku trzeciej wojnie \u015bwiatowej. My\u015bl\u0119, \u017ce ona ju\u017c si\u0119 rozpocz\u0119\u0142a \u2013 o\u015bwiadczy\u0142 Maduro, obarczaj\u0105c odpowiedzialno\u015bci\u0105 Stany Zjednoczone.<\/p>\n<p>Maduro oskar\u017cy\u0142 Waszyngton o dzia\u0142ania w regionie Karaib\u00f3w, wskazuj\u0105c m.in. rozmieszczenie ameryka\u0144skich okr\u0119t\u00f3w wojennych. Wenezuelski przyw\u00f3dca chwali\u0142 jednocze\u015bnie inne kraje wykluczone z zachodnich struktur.<\/p>\n<p>\u2013 Nowy \u015bwiat ju\u017c si\u0119 wy\u0142oni\u0142. Chiny, Rosja i Indie to trzy okr\u0119ty flagowe \u015bwiata wielobiegunowego \u2013 podkre\u015bli\u0142.<\/p>\n<p>Na jego s\u0142owa odpowiedzia\u0142 prezydent USA Donald Trump. Odnosz\u0105c si\u0119 do incydentu z udzia\u0142em wenezuelskich my\u015bliwc\u00f3w i ameryka\u0144skich okr\u0119t\u00f3w, ostrzeg\u0142 Caracas przed konsekwencjami.<\/p>\n<p>\u2013 Je\u015bli dojdzie do kolejnej niebezpiecznej sytuacji, zostan\u0105 zestrzelone. Wenezuela b\u0119dzie w k\u0142opotach \u2013 zapowiedzia\u0142.<\/p>\n<p style=\"text-align: right\"><em>Na podst. Reuters<\/em><\/p>\n","protected":false},"excerpt":{"rendered":"<p>Nicolas Maduro, nieuznawany przez demokratyczne kraje przyw\u00f3dca Wenezueli, w wywiadzie dla prorosyjskiej telewizji \u201eRussia Today\u201d stwierdzi\u0142, \u017ce \u015bwiat ju\u017c znajduje si\u0119 w stanie globalnego konfliktu.&hellip;<\/p>\n","protected":false},"author":3,"featured_media":3775,"comment_status":"open","ping_status":"open","sticky":false,"template":"","format":"standard","meta":{"footnotes":""},"categories":[15,18],"tags":[],"class_list":["post-3774","post","type-post","status-publish","format-standard","has-post-thumbnail","hentry","category-swiat","category-top-news"],"_links":{"self":[{"href":"https:\/\/radiopoloniawinnipeg.com\/index.php\/wp-json\/wp\/v2\/posts\/3774","targetHints":{"allow":["GET"]}}],"collection":[{"href":"https:\/\/radiopoloniawinnipeg.com\/index.php\/wp-json\/wp\/v2\/posts"}],"about":[{"href":"https:\/\/radiopoloniawinnipeg.com\/index.php\/wp-json\/wp\/v2\/types\/post"}],"author":[{"embeddable":true,"href":"https:\/\/radiopoloniawinnipeg.com\/index.php\/wp-json\/wp\/v2\/users\/3"}],"replies":[{"embeddable":true,"href":"https:\/\/radiopoloniawinnipeg.com\/index.php\/wp-json\/wp\/v2\/comments?post=3774"}],"version-history":[{"count":0,"href":"https:\/\/radiopoloniawinnipeg.com\/index.php\/wp-json\/wp\/v2\/posts\/3774\/revisions"}],"wp:featuredmedia":[{"embeddable":true,"href":"https:\/\/radiopoloniawinnipeg.com\/index.php\/wp-json\/wp\/v2\/media\/3775"}],"wp:attachment":[{"href":"https:\/\/radiopoloniawinnipeg.com\/index.php\/wp-json\/wp\/v2\/media?parent=3774"}],"wp:term":[{"taxonomy":"category","embeddable":true,"href":"https:\/\/radiopoloniawinnipeg.com\/index.php\/wp-json\/wp\/v2\/categories?post=3774"},{"taxonomy":"post_tag","embeddable":true,"href":"https:\/\/radiopoloniawinnipeg.com\/index.php\/wp-json\/wp\/v2\/tags?post=3774"}],"curies":[{"name":"wp","href":"https:\/\/api.w.org\/{rel}","templated":true}]}}