{"id":3776,"date":"2025-09-10T12:15:11","date_gmt":"2025-09-10T16:15:11","guid":{"rendered":"https:\/\/radiopoloniawinnipeg.com\/index.php\/2025\/09\/10\/ukrainka-smiertelnie-ugodzona-nozem-w-bezpodstawnym-ataku-w-pociagu-w-karolinie-polnocnej\/"},"modified":"2025-09-10T12:15:11","modified_gmt":"2025-09-10T16:15:11","slug":"ukrainka-smiertelnie-ugodzona-nozem-w-bezpodstawnym-ataku-w-pociagu-w-karolinie-polnocnej","status":"publish","type":"post","link":"https:\/\/radiopoloniawinnipeg.com\/index.php\/2025\/09\/10\/ukrainka-smiertelnie-ugodzona-nozem-w-bezpodstawnym-ataku-w-pociagu-w-karolinie-polnocnej\/","title":{"rendered":"Ukrainka \u015bmiertelnie ugodzona no\u017cem w bezpodstawnym ataku w poci\u0105gu w Karolinie P\u00f3\u0142nocnej"},"content":{"rendered":"<p>Wideo z kamer monitoringu, ukazuj\u0105ce brutalne zdarzenie, kt\u00f3re rozegra\u0142o si\u0119 22 sierpnia tu\u017c przed godzin\u0105 22:00 na trasie Lynx Blue Line, zosta\u0142o udost\u0119pnione w weekend przez Charlotte Area Transit System (CATS).<br \/>\nJak wynika z dokument\u00f3w, do kt\u00f3rych dotar\u0142a stacja ABC News, Iryna Zarutska wsiad\u0142a do poci\u0105gu i zaj\u0119\u0142a miejsce przy przej\u015bciu, tu\u017c przed 34-letnim Decarlosem Brownem Jr., widocznym przy oknie w pomara\u0144czowej bluzie.<br \/>\nZgodnie z relacjami, poci\u0105g porusza\u0142 si\u0119 przez \u201eoko\u0142o cztery i p\u00f3\u0142 minuty, po czym m\u0119\u017cczyzna wyci\u0105gn\u0105\u0142 z kieszeni n\u00f3\u017c, roz\u0142o\u017cy\u0142 go, wsta\u0142 i trzykrotnie ugodzi\u0142 ofiar\u0119\u201d.<br \/>\nW\u0142adze podkre\u015blaj\u0105, \u017ce przed zadaniem cios\u00f3w \u201enie dosz\u0142o do \u017cadnej rozmowy ani kontaktu mi\u0119dzy napastnikiem a ofiar\u0105\u201d.<\/p>\n<p>Zarutska zgin\u0119\u0142a na miejscu, a \u015bwiadkowie wskazali policji kierunek, w kt\u00f3rym uciek\u0142 sprawca.<br \/>\nBrown zosta\u0142 zatrzymany po wypisaniu ze szpitala, gdzie leczono go z \u201eniegro\u017anych obra\u017ce\u0144 odniesionych podczas incydentu\u201d. Us\u0142ysza\u0142 zarzut zab\u00f3jstwa pierwszego stopnia, a we wtorek dodatkowo oskar\u017cono go o spowodowanie \u015bmierci w transporcie publicznym. Jak poda\u0142a policja Charlotte-Mecklenburg, jego kolejna rozprawa odb\u0119dzie si\u0119 19 wrze\u015bnia.<br \/>\nM\u0119\u017cczyzna mia\u0142 ju\u017c wcze\u015bniej problemy z prawem \u2013 odbywa\u0142 kar\u0119 wi\u0119zienia, by\u0142 kr\u00f3tko hospitalizowany z powodu schizofrenii i zosta\u0142 aresztowany na pocz\u0105tku roku po wielokrotnych telefonach pod numer alarmowy 911.<\/p>\n<p>\u201eB\u0119dziemy si\u0119 domaga\u0107 maksymalnej kary za ten straszny czyn \u2013 ten cz\u0142owiek nigdy wi\u0119cej nie zazna wolno\u015bci\u201d \u2013 zapowiedzia\u0142a prokurator generalna Pam Bondi.<br \/>\nBliscy Zarutskiej napisali na GoFundMe, \u017ce przyjecha\u0142a do USA, by uciec przed wojn\u0105 i rozpocz\u0105\u0107 bezpieczniejsze \u017cycie. Opisali j\u0105 jako osob\u0119 zdeterminowan\u0105 i pe\u0142n\u0105 nadziei.<br \/>\n\u201eTo ogromna tragedia dla jej rodziny. Zbi\u00f3rka ma pom\u00f3c Waleri i najbli\u017cszym w trudnym okresie oraz w pokryciu nag\u0142ych koszt\u00f3w\u201d \u2013 zaznaczono w komunikacie.<\/p>\n<div class=\"social-embed youtube-embed\"><\/div>\n<div>\n<p>Do wtorkowego poranka uda\u0142o si\u0119 zebra\u0107 ponad 122 120 dolar\u00f3w z zak\u0142adanych 150 000 dzi\u0119ki ponad 2000 wp\u0142at.<br \/>\nPrzed tragiczn\u0105 \u015bmierci\u0105 Zarutska by\u0142a zatrudniona w pizzerii Zepeddie\u2019s Pizza. W o\u015bwiadczeniu firma podkre\u015bli\u0142a, \u017ce \u201eponios\u0142a bolesn\u0105 strat\u0119\u201d.<br \/>\n\u201eOdesz\u0142a nie tylko ceniona pracownica, ale tak\u017ce szczera przyjaci\u00f3\u0142ka. Nasza droga Iryna zgin\u0119\u0142a stanowczo za wcze\u015bnie, a jej brak nape\u0142nia nas smutkiem. Od dnia tragedii zapalamy \u015bwieczk\u0119 na jej pami\u0105tk\u0119 \u2013 symbol ciep\u0142a i dobroci, kt\u00f3re wnosi\u0142a do naszej codzienno\u015bci. Jeste\u015bmy wdzi\u0119czni za ka\u017cd\u0105 modlitw\u0119, wsparcie i mi\u0142o\u015b\u0107 okazane w tym czasie\u201d \u2013 przekaza\u0142a restauracja. \u201eIryno, t\u0119sknimy za Tob\u0105 niewyobra\u017calnie. Na zawsze pozostaniesz cz\u0119\u015bci\u0105 naszych serc\u201d.<\/p>\n<p>Lokalne w\u0142adze spotka\u0142y si\u0119 z fal\u0105 krytyki po zab\u00f3jstwie, kt\u00f3re natychmiast przyci\u0105gn\u0119\u0142o uwag\u0119 prezydenta USA Donalda Trumpa.<br \/>\nNa swojej platformie spo\u0142eczno\u015bciowej Trump napisa\u0142: \u201eTacy zbrodniarze powinni by\u0107 ZAMYKANI\u201d.<br \/>\n\u201eWidzia\u0142em wstrz\u0105saj\u0105cy film przedstawiaj\u0105cy m\u0142od\u0105, pi\u0119kn\u0105 Ukraink\u0119, kt\u00f3ra przyjecha\u0142a tu, by schroni\u0107 si\u0119 przed wojn\u0105. Jecha\u0142a spokojnie metrem w Charlotte, gdzie zosta\u0142a bestialsko zaatakowana przez chorego psychicznie szale\u0144ca\u201d \u2013 doda\u0142.<br \/>\nTrump przypomnia\u0142, \u017ce napastnik by\u0142 wcze\u015bniej wielokrotnie aresztowany i wypuszczony na wolno\u015b\u0107 \u201e\u0142\u0105cznie 14 razy, ostatnio na mocy BEZGOT\u00d3WKOWEJ KAUCJI\u201d. \u201eDlaczego w og\u00f3le znajdowa\u0142 si\u0119 w poci\u0105gu i na ulicach?\u201d \u2013 pyta\u0142.<br \/>\nWed\u0142ug niego \u201ekrew tej niewinnej kobiety sp\u0142ywa dzi\u015b z no\u017ca zab\u00f3jcy\u201d, a odpowiedzialno\u015b\u0107 spada tak\u017ce na Demokrat\u00f3w, kt\u00f3rzy sprzeciwiaj\u0105 si\u0119 surowszemu zamykaniu przest\u0119pc\u00f3w. Trump wskaza\u0142 by\u0142ego gubernatora Roya Coopera jako przyk\u0142ad nieudolno\u015bci i zaznaczy\u0142, \u017ce \u201eKarolina P\u00f3\u0142nocna i ka\u017cdy stan potrzebuj\u0105 PRAWA I PORZ\u0104DKU, kt\u00f3re zagwarantuj\u0105 jedynie Republikanie\u201d.<\/p>\n<p>Temat zab\u00f3jstwa pojawi\u0142 si\u0119 tak\u017ce w jego wyst\u0105pieniu w Muzeum Biblii w Waszyngtonie. \u201eTak tragiczne wydarzenia wymagaj\u0105 stanowczych dzia\u0142a\u0144\u201d \u2013 powiedzia\u0142. Trump przekaza\u0142 r\u00f3wnie\u017c rodzinie ofiary s\u0142owa wsp\u00f3\u0142czucia i oceni\u0142 nagranie jako \u201enie do ogl\u0105dania z powodu okropno\u015bci\u201d. \u201eTo \u017ali ludzie, musimy z nimi walczy\u0107. W przeciwnym razie stracimy kraj\u201d \u2013 podkre\u015bli\u0142.<br \/>\nInni przedstawiciele jego administracji r\u00f3wnie\u017c obarczyli win\u0105 w\u0142adze Charlotte.<br \/>\nSekretarz transportu Sean Duffy napisa\u0142, \u017ce \u201eten zbrodniarz mia\u0142 wi\u0119cej wykrocze\u0144 ni\u017c paragony z CVS, w tym wyroki za rozboje i w\u0142amania. Nie doprowadzaj\u0105c go do wi\u0119zienia, miasto zawiod\u0142o Iryn\u0119 Zarutsk\u0105 i mieszka\u0144c\u00f3w Karoliny P\u00f3\u0142nocnej\u201d.<br \/>\nPodobnie doradca Bia\u0142ego Domu Stephen Miller oskar\u017cy\u0142 Demokrat\u00f3w o polityk\u0119 sprzyjaj\u0105c\u0105 przest\u0119pczo\u015bci.<br \/>\nW odpowiedzi na fal\u0119 krytyki burmistrz Charlotte, Vi Lyles, stwierdzi\u0142a: \u201eJestem g\u0142\u0119boko wstrz\u0105\u015bni\u0119ta i zastanawiam si\u0119, co oznacza bezpiecze\u0144stwo w naszym mie\u015bcie. Zrobi\u0119 wszystko, aby mieszka\u0144cy czuli si\u0119 tutaj bezpiecznie\u201d.<br \/>\nPolicja poda\u0142a, \u017ce w pierwszej po\u0142owie 2025 roku liczba brutalnych przest\u0119pstw w Charlotte spad\u0142a o 25 procent w por\u00f3wnaniu z tym samym okresem rok wcze\u015bniej.<\/p>\n<\/div>\n<p>This page imported from <a href=\"https:\/\/bejsment.com\/?p=222774\">Bejsment<\/a><\/p>\n","protected":false},"excerpt":{"rendered":"<p>Wideo z kamer monitoringu, ukazuj\u0105ce brutalne zdarzenie, kt\u00f3re rozegra\u0142o si\u0119 22 sierpnia tu\u017c przed godzin\u0105 22:00 na trasie Lynx Blue Line, zosta\u0142o udost\u0119pnione w weekend&hellip;<\/p>\n","protected":false},"author":3,"featured_media":3777,"comment_status":"open","ping_status":"open","sticky":false,"template":"","format":"standard","meta":{"footnotes":""},"categories":[15,18],"tags":[],"class_list":["post-3776","post","type-post","status-publish","format-standard","has-post-thumbnail","hentry","category-swiat","category-top-news"],"_links":{"self":[{"href":"https:\/\/radiopoloniawinnipeg.com\/index.php\/wp-json\/wp\/v2\/posts\/3776","targetHints":{"allow":["GET"]}}],"collection":[{"href":"https:\/\/radiopoloniawinnipeg.com\/index.php\/wp-json\/wp\/v2\/posts"}],"about":[{"href":"https:\/\/radiopoloniawinnipeg.com\/index.php\/wp-json\/wp\/v2\/types\/post"}],"author":[{"embeddable":true,"href":"https:\/\/radiopoloniawinnipeg.com\/index.php\/wp-json\/wp\/v2\/users\/3"}],"replies":[{"embeddable":true,"href":"https:\/\/radiopoloniawinnipeg.com\/index.php\/wp-json\/wp\/v2\/comments?post=3776"}],"version-history":[{"count":0,"href":"https:\/\/radiopoloniawinnipeg.com\/index.php\/wp-json\/wp\/v2\/posts\/3776\/revisions"}],"wp:featuredmedia":[{"embeddable":true,"href":"https:\/\/radiopoloniawinnipeg.com\/index.php\/wp-json\/wp\/v2\/media\/3777"}],"wp:attachment":[{"href":"https:\/\/radiopoloniawinnipeg.com\/index.php\/wp-json\/wp\/v2\/media?parent=3776"}],"wp:term":[{"taxonomy":"category","embeddable":true,"href":"https:\/\/radiopoloniawinnipeg.com\/index.php\/wp-json\/wp\/v2\/categories?post=3776"},{"taxonomy":"post_tag","embeddable":true,"href":"https:\/\/radiopoloniawinnipeg.com\/index.php\/wp-json\/wp\/v2\/tags?post=3776"}],"curies":[{"name":"wp","href":"https:\/\/api.w.org\/{rel}","templated":true}]}}