{"id":3790,"date":"2025-09-11T08:30:05","date_gmt":"2025-09-11T12:30:05","guid":{"rendered":"https:\/\/radiopoloniawinnipeg.com\/index.php\/2025\/09\/11\/nepal-w-ogniu-protestow-premier-podal-sie-do-dymisji\/"},"modified":"2025-09-11T08:30:05","modified_gmt":"2025-09-11T12:30:05","slug":"nepal-w-ogniu-protestow-premier-podal-sie-do-dymisji","status":"publish","type":"post","link":"https:\/\/radiopoloniawinnipeg.com\/index.php\/2025\/09\/11\/nepal-w-ogniu-protestow-premier-podal-sie-do-dymisji\/","title":{"rendered":"Nepal w ogniu protest\u00f3w. Premier poda\u0142 si\u0119 do dymisji"},"content":{"rendered":"<p><img decoding=\"async\" loading=\"lazy\" class=\"aligncenter size-custom-full-size wp-image-222830\" src=\"https:\/\/bejsment.com\/wp-content\/uploads\/2025\/09\/aanepal-636x636.jpg\" alt=\"\" width=\"636\" height=\"636\" \/><\/p>\n<p><strong>W Nepalu dosz\u0142o do dramatycznych wydarze\u0144. Premier KP Sharma Oli og\u0142osi\u0142 swoj\u0105 rezygnacj\u0119 po fali masowych demonstracji, kt\u00f3re wybuch\u0142y w nast\u0119pstwie blokady medi\u00f3w spo\u0142eczno\u015bciowych i narastaj\u0105cego gniewu wobec korupcji w\u0142adzy.<\/strong><\/p>\n<p>Obrazy p\u0142on\u0105cego parlamentu obieg\u0142y \u015bwiat. Jak poinformowa\u0142 rzecznik izby Ekram Giri, w momencie og\u0142oszenia dymisji setki protestuj\u0105cych wtargn\u0119\u0142y do gmachu i podpali\u0142y g\u0142\u00f3wn\u0105 sal\u0119. Towarzyszy\u0142y temu starcia z policj\u0105, a z prowincji do Katmandu zmierzaj\u0105 kolejne grupy manifestant\u00f3w. Lokalne media donosz\u0105 o podpaleniu dom\u00f3w polityk\u00f3w, ewakuacji ministr\u00f3w \u015bmig\u0142owcami wojskowymi i zamkni\u0119ciu sto\u0142ecznego lotniska.<\/p>\n<p><img decoding=\"async\" loading=\"lazy\" class=\"aligncenter size-custom-full-size wp-image-222828\" src=\"https:\/\/bejsment.com\/wp-content\/uploads\/2025\/09\/aanepal3-636x478.jpg\" alt=\"\" width=\"636\" height=\"478\" \/><\/p>\n<p>Demonstracje, nazwane \u201eprotestem pokolenia Z\u201d, s\u0105 wyrazem frustracji m\u0142odych Nepalczyk\u00f3w wobec braku perspektyw, niskiego standardu us\u0142ug publicznych i nieko\u0144cz\u0105cej si\u0119 korupcji. Katalizatorem buntu by\u0142a decyzja rz\u0105du o zablokowaniu 26 serwis\u00f3w i komunikator\u00f3w, w tym Facebooka, YouTube, X i LinkedIna. Tylko pi\u0119\u0107 platform, m.in. TikTok, unikn\u0119\u0142o zakazu, spe\u0142niaj\u0105c wym\u00f3g rejestracji lokalnego przedstawiciela.<\/p>\n<p>Po rezygnacji premiera rozpocz\u0119\u0142y si\u0119 rozmowy o powo\u0142aniu tymczasowego rz\u0105du. W\u015br\u00f3d kandydat\u00f3w wymieniana jest by\u0142a przewodnicz\u0105ca S\u0105du Najwy\u017cszego, Sushila Karki, wspierana przez \u015brodowiska prawnicze i cz\u0119\u015b\u0107 protestuj\u0105cych. Tymczasem wojsko wprowadzi\u0142o dodatkowe patrole, w wielu regionach obowi\u0105zuje godzina policyjna, a armia otwarcie przej\u0119\u0142a odpowiedzialno\u015b\u0107 za bezpiecze\u0144stwo.<\/p>\n<p>\u2013 Rol\u0105 armii jest przywr\u00f3cenie pokoju i harmonii w kraju \u2013 podkre\u015bli\u0142 genera\u0142 Ashok Raj Sigdel.<\/p>\n<p>Prezydent Ram Chandra Paudel apelowa\u0142 o dialog, ale jego wezwania pozostaj\u0105 bez odzewu. Mer Katmandu Balen Shah o\u015bwiadczy\u0142, \u017ce \u201enie b\u0119dzie rozm\u00f3w bez rozwi\u0105zania parlamentu\u201d.<\/p>\n<p style=\"text-align: right\"><em>Na podst. AP<\/em><\/p>\n","protected":false},"excerpt":{"rendered":"<p>W Nepalu dosz\u0142o do dramatycznych wydarze\u0144. Premier KP Sharma Oli og\u0142osi\u0142 swoj\u0105 rezygnacj\u0119 po fali masowych demonstracji, kt\u00f3re wybuch\u0142y w nast\u0119pstwie blokady medi\u00f3w spo\u0142eczno\u015bciowych i&hellip;<\/p>\n","protected":false},"author":3,"featured_media":3791,"comment_status":"open","ping_status":"open","sticky":false,"template":"","format":"standard","meta":{"footnotes":""},"categories":[15,18],"tags":[],"class_list":["post-3790","post","type-post","status-publish","format-standard","has-post-thumbnail","hentry","category-swiat","category-top-news"],"_links":{"self":[{"href":"https:\/\/radiopoloniawinnipeg.com\/index.php\/wp-json\/wp\/v2\/posts\/3790","targetHints":{"allow":["GET"]}}],"collection":[{"href":"https:\/\/radiopoloniawinnipeg.com\/index.php\/wp-json\/wp\/v2\/posts"}],"about":[{"href":"https:\/\/radiopoloniawinnipeg.com\/index.php\/wp-json\/wp\/v2\/types\/post"}],"author":[{"embeddable":true,"href":"https:\/\/radiopoloniawinnipeg.com\/index.php\/wp-json\/wp\/v2\/users\/3"}],"replies":[{"embeddable":true,"href":"https:\/\/radiopoloniawinnipeg.com\/index.php\/wp-json\/wp\/v2\/comments?post=3790"}],"version-history":[{"count":0,"href":"https:\/\/radiopoloniawinnipeg.com\/index.php\/wp-json\/wp\/v2\/posts\/3790\/revisions"}],"wp:featuredmedia":[{"embeddable":true,"href":"https:\/\/radiopoloniawinnipeg.com\/index.php\/wp-json\/wp\/v2\/media\/3791"}],"wp:attachment":[{"href":"https:\/\/radiopoloniawinnipeg.com\/index.php\/wp-json\/wp\/v2\/media?parent=3790"}],"wp:term":[{"taxonomy":"category","embeddable":true,"href":"https:\/\/radiopoloniawinnipeg.com\/index.php\/wp-json\/wp\/v2\/categories?post=3790"},{"taxonomy":"post_tag","embeddable":true,"href":"https:\/\/radiopoloniawinnipeg.com\/index.php\/wp-json\/wp\/v2\/tags?post=3790"}],"curies":[{"name":"wp","href":"https:\/\/api.w.org\/{rel}","templated":true}]}}