{"id":3800,"date":"2025-09-11T12:15:06","date_gmt":"2025-09-11T16:15:06","guid":{"rendered":"https:\/\/radiopoloniawinnipeg.com\/index.php\/2025\/09\/11\/francuska-policja-zatrzymala-blisko-200-osob-podczas-ogolnokrajowych-protestow-pod-haslem-zablokuj-wszystko\/"},"modified":"2025-09-11T12:15:06","modified_gmt":"2025-09-11T16:15:06","slug":"francuska-policja-zatrzymala-blisko-200-osob-podczas-ogolnokrajowych-protestow-pod-haslem-zablokuj-wszystko","status":"publish","type":"post","link":"https:\/\/radiopoloniawinnipeg.com\/index.php\/2025\/09\/11\/francuska-policja-zatrzymala-blisko-200-osob-podczas-ogolnokrajowych-protestow-pod-haslem-zablokuj-wszystko\/","title":{"rendered":"Francuska policja zatrzyma\u0142a blisko 200 os\u00f3b podczas og\u00f3lnokrajowych protest\u00f3w pod has\u0142em \u201eZablokuj wszystko\u201d"},"content":{"rendered":"<p>W \u015brod\u0119 we Francji aresztowano ponad 200 os\u00f3b, gdy uczestnicy ruchu \u201eBloquons tout\u201d (\u201eZablokuj wszystko\u201d) usi\u0142owali sparali\u017cowa\u0107 transport i \u017cycie codzienne w wielu miastach. Protesty wybuch\u0142y dwa dni po upadku gabinetu premiera Fran\u00e7ois Bayrou, kt\u00f3ry straci\u0142 stanowisko w zwi\u0105zku z niepopularnymi reformami oszcz\u0119dno\u015bciowymi.<\/p>\n<p>W\u0142adze zmobilizowa\u0142y 80 tys. funkcjonariuszy policji i \u017candarmerii, poniewa\u017c tysi\u0105ce obywateli wysz\u0142o na ulice Pary\u017ca i innych du\u017cych o\u015brodk\u00f3w.<\/p>\n<p>Brak centralnych lider\u00f3w i lu\u017ana struktura protest\u00f3w sprawi\u0142y, \u017ce poszczeg\u00f3lne grupy dzia\u0142a\u0142y niezale\u017cnie w r\u00f3\u017cnych cz\u0119\u015bciach stolicy. Policja jednak szybko interweniowa\u0142a i rozprasza\u0142a zgromadzenia.<\/p>\n<p>&nbsp;<\/p>\n<p>Niekt\u00f3rzy demonstranci podk\u0142adali ogie\u0144, wznosili barykady i starali si\u0119 zablokowa\u0107 parysk\u0105 obwodnic\u0119 \u2013 najruchliwsz\u0105 miejsk\u0105 tras\u0119 Europy. Wed\u0142ug prefektury do po\u0142udnia w \u015brod\u0119 zatrzymano 95 os\u00f3b w regionie Pary\u017ca i kolejne osiem poza stolic\u0105.<\/p>\n<p>Na Porte de Montreuil, we wschodnim Pary\u017cu, podpalono kosze na \u015bmieci i pr\u00f3bowano zastawi\u0107 tory tramwajowe. Policja usun\u0119\u0142a przeszkody i rozp\u0119dzi\u0142a t\u0142um. Uczestnicy wtargn\u0119li r\u00f3wnie\u017c na autostrad\u0119, aby sparali\u017cowa\u0107 ruch, lecz zostali powstrzymani przez funkcjonariuszy.<\/p>\n<p>Napi\u0119ta atmosfera panowa\u0142a tak\u017ce wok\u00f3\u0142 Gare du Nord \u2013 jednego z najwi\u0119kszych dworc\u00f3w Europy \u2013 gdzie o godz. 10:30 zebra\u0142o si\u0119 kilkaset os\u00f3b skanduj\u0105cych has\u0142a \u201eMacron, odejd\u017a!\u201d.<\/p>\n<p>Z powodu pr\u00f3b sforsowania wej\u015bcia policja zamkn\u0119\u0142a stacj\u0119, u\u017cywaj\u0105c gazu \u0142zawi\u0105cego wobec protestuj\u0105cych. W zamieszaniu ucierpieli tak\u017ce niekt\u00f3rzy pasa\u017cerowie. Kilka godzin p\u00f3\u017aniej dost\u0119p do dworca zosta\u0142 przywr\u00f3cony.<\/p>\n<p>\u201eProtestuj\u0119 dzi\u015b, bo mamy ju\u017c do\u015b\u0107\u201d \u2013 m\u00f3wi\u0142a Marie, studentka i aktorka, cytowana przez Euronews. \u2013 \u201eChcemy pokaza\u0107 Macronowi, \u017ce nie mo\u017ce d\u0142u\u017cej ignorowa\u0107 obywateli. Nie zgadzamy si\u0119 r\u00f3wnie\u017c na ci\u0119cia w kulturze\u201d.<\/p>\n<p>&nbsp;<\/p>\n<p>Jeden z kierowc\u00f3w, kt\u00f3ry sam usuwa\u0142 blokuj\u0105ce drog\u0119 rowery i kosze na \u015bmieci, r\u00f3wnie\u017c wyrazi\u0142 poparcie dla protest\u00f3w: \u201eRozumiem ich frustracj\u0119. Z tym naprawd\u0119 trzeba co\u015b zrobi\u0107\u201d \u2013 powiedzia\u0142 w rozmowie z dziennikarzami.<\/p>\n<p>Inni obserwatorzy byli bardziej pow\u015bci\u0105gliwi. \u201eOczywi\u015bcie, \u017ce mamy prawo protestowa\u0107, obecna sytuacja jest nie do utrzymania\u201d \u2013 stwierdzi\u0142a Nesrine, mened\u017cerka projektu z Montreuil. \u2013 \u201eAle niszczenie mienia niczego nie rozwi\u0105zuje. P\u0142acimy za to wszyscy. Oburzenie jest s\u0142uszne, ale wandalizm nie zmieni systemu\u201d.<\/p>\n<p>Og\u00f3lnokrajowe akcje, koordynowane g\u0142\u00f3wnie przez media spo\u0142eczno\u015bciowe i kana\u0142y Telegram, rozpocz\u0119\u0142y si\u0119 po upadku rz\u0105du i szybkim powo\u0142aniu przez prezydenta Emmanuela Macrona nowego premiera \u2013 jego bliskiego wsp\u00f3\u0142pracownika S\u00e9bastiena Lecornu.<\/p>\n<p>\u201eNie dopu\u015bcimy do parali\u017cu kraju\u201d \u2013 ostrzeg\u0142 ust\u0119puj\u0105cy minister spraw wewn\u0119trznych Bruno Retailleau podczas posiedzenia rz\u0105dowej grupy kryzysowej w \u015brod\u0119 rano.<\/p>\n<p>&nbsp;<\/p>\n<p><strong>Na czym polega ruch \u201eZablokuj wszystko\u201d?<\/strong><\/p>\n<p>Ten pozbawiony lider\u00f3w ruch zyska\u0142 popularno\u015b\u0107 dzi\u0119ki sprzeciwowi wobec inflacji, polityki oszcz\u0119dno\u015bciowej i \u2013 jak twierdz\u0105 jego zwolennicy \u2013 skompromitowanej klasy politycznej. W odr\u00f3\u017cnieniu od lepiej zorganizowanych \u017b\u00f3\u0142tych Kamizelek z 2018 roku, \u201eBlokuj wszystko\u201d narodzi\u0142 si\u0119 tego lata, opieraj\u0105c si\u0119 g\u0142\u00f3wnie na wsparciu online.<\/p>\n<p>Wed\u0142ug badania Ipsos, a\u017c 46% Francuz\u00f3w popiera ten ruch \u2013 zar\u00f3wno osoby o pogl\u0105dach lewicowych, jak i ponad po\u0142owa wyborc\u00f3w skrajnie prawicowego Zjednoczenia Narodowego.<\/p>\n<p>\u015arodowe manifestacje wspar\u0142y dwa du\u017ce zwi\u0105zki zawodowe: CGT i SUD. Na 18 wrze\u015bnia zaplanowano natomiast szeroko zakrojone strajki.<\/p>\n<p>Eric Challal z SUD Rail-Paris, jednej z organizacji bior\u0105cych udzia\u0142 w prote\u015bcie, t\u0142umaczy\u0142: \u201eOd miesi\u0119cy narasta\u0142a frustracja. Plan bud\u017cetowy Bayrou wymaga\u0142 od nas ci\u0119\u017cszej pracy i wi\u0119cej wyrzecze\u0144. Jeste\u015bmy zm\u0119czeni i \u017ali\u201d.<\/p>\n<p>\u201eCi\u0119\u017cko pracujemy, ledwo wi\u0105\u017cemy koniec z ko\u0144cem, a przedstawianie deficytu jako naszej winy to co\u015b nie do przyj\u0119cia\u201d \u2013 doda\u0142 w rozmowie z Euronews.<\/p>\n<p>Pracownicy s\u0142u\u017cby zdrowia oraz farmaceuci zapowiedzieli natomiast, \u017ce w przysz\u0142ym tygodniu wyst\u0105pi\u0105 przeciwko ci\u0119ciom refundacji lek\u00f3w. Zwi\u0105zki ostrzegaj\u0105, \u017ce z powodu zmian nawet 6 tys. z 20 tys. aptek we Francji mo\u017ce by\u0107 zmuszonych do zamkni\u0119cia.<\/p>\n","protected":false},"excerpt":{"rendered":"<p>W \u015brod\u0119 we Francji aresztowano ponad 200 os\u00f3b, gdy uczestnicy ruchu \u201eBloquons tout\u201d (\u201eZablokuj wszystko\u201d) usi\u0142owali sparali\u017cowa\u0107 transport i \u017cycie codzienne w wielu miastach. Protesty&hellip;<\/p>\n","protected":false},"author":3,"featured_media":3801,"comment_status":"open","ping_status":"open","sticky":false,"template":"","format":"standard","meta":{"footnotes":""},"categories":[15,18],"tags":[],"class_list":["post-3800","post","type-post","status-publish","format-standard","has-post-thumbnail","hentry","category-swiat","category-top-news"],"_links":{"self":[{"href":"https:\/\/radiopoloniawinnipeg.com\/index.php\/wp-json\/wp\/v2\/posts\/3800","targetHints":{"allow":["GET"]}}],"collection":[{"href":"https:\/\/radiopoloniawinnipeg.com\/index.php\/wp-json\/wp\/v2\/posts"}],"about":[{"href":"https:\/\/radiopoloniawinnipeg.com\/index.php\/wp-json\/wp\/v2\/types\/post"}],"author":[{"embeddable":true,"href":"https:\/\/radiopoloniawinnipeg.com\/index.php\/wp-json\/wp\/v2\/users\/3"}],"replies":[{"embeddable":true,"href":"https:\/\/radiopoloniawinnipeg.com\/index.php\/wp-json\/wp\/v2\/comments?post=3800"}],"version-history":[{"count":0,"href":"https:\/\/radiopoloniawinnipeg.com\/index.php\/wp-json\/wp\/v2\/posts\/3800\/revisions"}],"wp:featuredmedia":[{"embeddable":true,"href":"https:\/\/radiopoloniawinnipeg.com\/index.php\/wp-json\/wp\/v2\/media\/3801"}],"wp:attachment":[{"href":"https:\/\/radiopoloniawinnipeg.com\/index.php\/wp-json\/wp\/v2\/media?parent=3800"}],"wp:term":[{"taxonomy":"category","embeddable":true,"href":"https:\/\/radiopoloniawinnipeg.com\/index.php\/wp-json\/wp\/v2\/categories?post=3800"},{"taxonomy":"post_tag","embeddable":true,"href":"https:\/\/radiopoloniawinnipeg.com\/index.php\/wp-json\/wp\/v2\/tags?post=3800"}],"curies":[{"name":"wp","href":"https:\/\/api.w.org\/{rel}","templated":true}]}}