{"id":3812,"date":"2025-09-12T08:30:06","date_gmt":"2025-09-12T12:30:06","guid":{"rendered":"https:\/\/radiopoloniawinnipeg.com\/index.php\/2025\/09\/12\/pokaz-sily-rosji-na-bialorusi-nato-wzmacnia-obrone-powietrzna\/"},"modified":"2025-09-12T08:30:06","modified_gmt":"2025-09-12T12:30:06","slug":"pokaz-sily-rosji-na-bialorusi-nato-wzmacnia-obrone-powietrzna","status":"publish","type":"post","link":"https:\/\/radiopoloniawinnipeg.com\/index.php\/2025\/09\/12\/pokaz-sily-rosji-na-bialorusi-nato-wzmacnia-obrone-powietrzna\/","title":{"rendered":"Pokaz si\u0142y Rosji na Bia\u0142orusi. NATO wzmacnia obron\u0119 powietrzn\u0105"},"content":{"rendered":"<p><img decoding=\"async\" loading=\"lazy\" class=\"aligncenter size-custom-full-size wp-image-222933\" src=\"https:\/\/bejsment.com\/wp-content\/uploads\/2025\/09\/aamanewry3-636x358.jpg\" alt=\"\" width=\"636\" height=\"358\" \/><\/p>\n<p><strong>W czwartek na Bia\u0142orusi wystartowa\u0142y rosyjsko-bia\u0142oruskie \u0107wiczenia wojskowe \u201eZapad-2025\u201d, kt\u00f3re potrwaj\u0105 do 16 wrze\u015bnia. Manewry od lat budz\u0105 niepok\u00f3j pa\u0144stw NATO, a tegoroczne odbywaj\u0105 si\u0119 w cieniu niedawnego incydentu z naruszeniem polskiej przestrzeni powietrznej przez rosyjskie drony. Premier Donald Tusk oskar\u017cy\u0142 Moskw\u0119 o celow\u0105 prowokacj\u0119, wskazuj\u0105c, \u017ce cz\u0119\u015b\u0107 maszyn zosta\u0142a wystrzelona z terytorium Bia\u0142orusi.<\/strong><\/p>\n<p>By\u0142o to najpowa\u017cniejsze naruszenie przestrzeni powietrznej NATO od pocz\u0105tku wojny w Ukrainie. Kilka dron\u00f3w zosta\u0142o zestrzelonych, a Niemcy, Francja, Wielka Brytania i Holandia zapowiedzia\u0142y przekazanie Polsce dodatkowych system\u00f3w obrony powietrznej.<\/p>\n<p>\u2013 NATO b\u0119dzie broni\u0107 ka\u017cdego centymetra terytorium \u2013 zapewni\u0142 sekretarz generalny Mark Rutte, dodaj\u0105c, \u017ce konieczne s\u0105 nowe inwestycje w obron\u0119.<\/p>\n<p>Wed\u0142ug litewskiego resortu obrony w \u0107wiczeniach uczestniczy oko\u0142o 30 tys. \u017co\u0142nierzy rosyjskich i bia\u0142oruskich. Manewry obejmuj\u0105 Bia\u0142oru\u015b, Obw\u00f3d Kr\u00f3lewiecki, Arktyk\u0119 i zachodnie regiony Rosji. Pa\u0144stwa ba\u0142tyckie i Polska obawiaj\u0105 si\u0119, \u017ce Rosja mo\u017ce wykorzysta\u0107 je do testowania gotowo\u015bci NATO.<\/p>\n<p>\u2013 Bezpo\u015bredniego zagro\u017cenia nie przewidujemy, ale ryzyko prowokacji istnieje \u2013 stwierdzi\u0142 prezydent Litwy Gitanas Naus\u0117da.<\/p>\n<p>\u0141otewski minister obrony Andris Spruds podkre\u015bli\u0142 z kolei, \u017ce Zapad to nie tylko demonstracja si\u0142y, lecz tak\u017ce kampania informacyjna maj\u0105ca podwa\u017cy\u0107 poczucie bezpiecze\u0144stwa. W ramach \u0107wicze\u0144 prowadzone b\u0119d\u0105 dzia\u0142ania si\u0142 specjalnych, sprawdzane systemy dowodzenia, logistyka oraz procedury mobilizacyjne.<\/p>\n<p style=\"text-align: right\"><em>Na podst. Polsat News<\/em><\/p>\n","protected":false},"excerpt":{"rendered":"<p>W czwartek na Bia\u0142orusi wystartowa\u0142y rosyjsko-bia\u0142oruskie \u0107wiczenia wojskowe \u201eZapad-2025\u201d, kt\u00f3re potrwaj\u0105 do 16 wrze\u015bnia. Manewry od lat budz\u0105 niepok\u00f3j pa\u0144stw NATO, a tegoroczne odbywaj\u0105 si\u0119&hellip;<\/p>\n","protected":false},"author":3,"featured_media":3813,"comment_status":"open","ping_status":"open","sticky":false,"template":"","format":"standard","meta":{"footnotes":""},"categories":[15,18],"tags":[],"class_list":["post-3812","post","type-post","status-publish","format-standard","has-post-thumbnail","hentry","category-swiat","category-top-news"],"_links":{"self":[{"href":"https:\/\/radiopoloniawinnipeg.com\/index.php\/wp-json\/wp\/v2\/posts\/3812","targetHints":{"allow":["GET"]}}],"collection":[{"href":"https:\/\/radiopoloniawinnipeg.com\/index.php\/wp-json\/wp\/v2\/posts"}],"about":[{"href":"https:\/\/radiopoloniawinnipeg.com\/index.php\/wp-json\/wp\/v2\/types\/post"}],"author":[{"embeddable":true,"href":"https:\/\/radiopoloniawinnipeg.com\/index.php\/wp-json\/wp\/v2\/users\/3"}],"replies":[{"embeddable":true,"href":"https:\/\/radiopoloniawinnipeg.com\/index.php\/wp-json\/wp\/v2\/comments?post=3812"}],"version-history":[{"count":0,"href":"https:\/\/radiopoloniawinnipeg.com\/index.php\/wp-json\/wp\/v2\/posts\/3812\/revisions"}],"wp:featuredmedia":[{"embeddable":true,"href":"https:\/\/radiopoloniawinnipeg.com\/index.php\/wp-json\/wp\/v2\/media\/3813"}],"wp:attachment":[{"href":"https:\/\/radiopoloniawinnipeg.com\/index.php\/wp-json\/wp\/v2\/media?parent=3812"}],"wp:term":[{"taxonomy":"category","embeddable":true,"href":"https:\/\/radiopoloniawinnipeg.com\/index.php\/wp-json\/wp\/v2\/categories?post=3812"},{"taxonomy":"post_tag","embeddable":true,"href":"https:\/\/radiopoloniawinnipeg.com\/index.php\/wp-json\/wp\/v2\/tags?post=3812"}],"curies":[{"name":"wp","href":"https:\/\/api.w.org\/{rel}","templated":true}]}}