{"id":3818,"date":"2025-09-12T12:15:05","date_gmt":"2025-09-12T16:15:05","guid":{"rendered":"https:\/\/radiopoloniawinnipeg.com\/index.php\/2025\/09\/12\/ksiaze-harry-w-kijowie-wspiera-rehabilitacje-rannych-zolnierzy\/"},"modified":"2025-09-12T12:15:05","modified_gmt":"2025-09-12T16:15:05","slug":"ksiaze-harry-w-kijowie-wspiera-rehabilitacje-rannych-zolnierzy","status":"publish","type":"post","link":"https:\/\/radiopoloniawinnipeg.com\/index.php\/2025\/09\/12\/ksiaze-harry-w-kijowie-wspiera-rehabilitacje-rannych-zolnierzy\/","title":{"rendered":"Ksi\u0105\u017c\u0119 Harry w Kijowie. Wspiera rehabilitacj\u0119 rannych \u017co\u0142nierzy"},"content":{"rendered":"<p><img decoding=\"async\" loading=\"lazy\" class=\"aligncenter size-custom-full-size wp-image-222945\" src=\"https:\/\/bejsment.com\/wp-content\/uploads\/2025\/09\/aaharry2-636x424.jpg\" alt=\"\" width=\"636\" height=\"424\" \/><\/p>\n<p><strong>W pi\u0105tkowy poranek ksi\u0105\u017c\u0119 Harry niespodziewanie pojawi\u0142 si\u0119 w Kijowie. Syn kr\u00f3la Karola III, kt\u00f3ry przez dekad\u0119 s\u0142u\u017cy\u0142 w brytyjskiej armii i od lat anga\u017cuje si\u0119 w inicjatywy na rzecz weteran\u00f3w, przyjecha\u0142 na zaproszenie ukrai\u0144skiego rz\u0105du. Celem jego wizyty jest wsparcie rehabilitacji \u017co\u0142nierzy ci\u0119\u017cko rannych w wojnie z Rosj\u0105.<\/strong><\/p>\n<p>\u2013 Nie mo\u017cemy zatrzyma\u0107 wojny, ale mo\u017cemy zrobi\u0107 wszystko, co w naszej mocy, aby pom\u00f3c w procesie zdrowienia \u2013 powiedzia\u0142 Harry w rozmowie z \u201eThe Guardian\u201d.<\/p>\n<p>Podczas pobytu w Kijowie ksi\u0105\u017c\u0119 ma spotka\u0107 si\u0119 z premier Juli\u0105 Swyrydenko i 200 weteranami, a tak\u017ce odwiedzi\u0107 Narodowe Muzeum Historii Ukrainy w Drugiej Wojnie \u015awiatowej. Planowane s\u0105 r\u00f3wnie\u017c prezentacje nowych inicjatyw wspieraj\u0105cych rehabilitacj\u0119 \u017co\u0142nierzy oraz osobiste spotkania z poszkodowanymi i ich rodzinami. Harry chce tak\u017ce zobaczy\u0107 skutki zniszcze\u0144 wojennych na w\u0142asne oczy.<\/p>\n<p>Wizyta na Ukrainie odbywa si\u0119 tu\u017c po jego powrocie do Wielkiej Brytanii, gdzie po raz pierwszy od 19 miesi\u0119cy spotka\u0142 si\u0119 z ojcem, kr\u00f3lem Karolem III. Wed\u0142ug \u201eDaily Mail\u201d prywatna rozmowa trwa\u0142a 54 minuty, odby\u0142a si\u0119 bez \u015bwiadk\u00f3w i medi\u00f3w. Po spotkaniu Harry zapewni\u0142 dziennikarzy, \u017ce jego ojciec \u201ema si\u0119 \u015bwietnie\u201d.<\/p>\n<p>Jeszcze niedawno w wywiadzie dla BBC ksi\u0105\u017c\u0119 przyznawa\u0142, \u017ce niemal nie utrzymuje kontaktu z ojcem. Jego obecna aktywno\u015b\u0107 wskazuje jednak, \u017ce opr\u00f3cz dzia\u0142alno\u015bci humanitarnej podejmuje tak\u017ce pr\u00f3by odbudowy relacji rodzinnych.<\/p>\n<p style=\"text-align: right\"><em>Na podst. BBC<\/em><\/p>\n","protected":false},"excerpt":{"rendered":"<p>W pi\u0105tkowy poranek ksi\u0105\u017c\u0119 Harry niespodziewanie pojawi\u0142 si\u0119 w Kijowie. Syn kr\u00f3la Karola III, kt\u00f3ry przez dekad\u0119 s\u0142u\u017cy\u0142 w brytyjskiej armii i od lat anga\u017cuje&hellip;<\/p>\n","protected":false},"author":3,"featured_media":3819,"comment_status":"open","ping_status":"open","sticky":false,"template":"","format":"standard","meta":{"footnotes":""},"categories":[15,18],"tags":[],"class_list":["post-3818","post","type-post","status-publish","format-standard","has-post-thumbnail","hentry","category-swiat","category-top-news"],"_links":{"self":[{"href":"https:\/\/radiopoloniawinnipeg.com\/index.php\/wp-json\/wp\/v2\/posts\/3818","targetHints":{"allow":["GET"]}}],"collection":[{"href":"https:\/\/radiopoloniawinnipeg.com\/index.php\/wp-json\/wp\/v2\/posts"}],"about":[{"href":"https:\/\/radiopoloniawinnipeg.com\/index.php\/wp-json\/wp\/v2\/types\/post"}],"author":[{"embeddable":true,"href":"https:\/\/radiopoloniawinnipeg.com\/index.php\/wp-json\/wp\/v2\/users\/3"}],"replies":[{"embeddable":true,"href":"https:\/\/radiopoloniawinnipeg.com\/index.php\/wp-json\/wp\/v2\/comments?post=3818"}],"version-history":[{"count":0,"href":"https:\/\/radiopoloniawinnipeg.com\/index.php\/wp-json\/wp\/v2\/posts\/3818\/revisions"}],"wp:featuredmedia":[{"embeddable":true,"href":"https:\/\/radiopoloniawinnipeg.com\/index.php\/wp-json\/wp\/v2\/media\/3819"}],"wp:attachment":[{"href":"https:\/\/radiopoloniawinnipeg.com\/index.php\/wp-json\/wp\/v2\/media?parent=3818"}],"wp:term":[{"taxonomy":"category","embeddable":true,"href":"https:\/\/radiopoloniawinnipeg.com\/index.php\/wp-json\/wp\/v2\/categories?post=3818"},{"taxonomy":"post_tag","embeddable":true,"href":"https:\/\/radiopoloniawinnipeg.com\/index.php\/wp-json\/wp\/v2\/tags?post=3818"}],"curies":[{"name":"wp","href":"https:\/\/api.w.org\/{rel}","templated":true}]}}