{"id":3824,"date":"2025-09-12T18:30:06","date_gmt":"2025-09-12T22:30:06","guid":{"rendered":"https:\/\/radiopoloniawinnipeg.com\/index.php\/2025\/09\/12\/lukaszenka-uwalnia-52-wiezniow-wsrod-nich-trzech-polakow\/"},"modified":"2025-09-12T18:30:06","modified_gmt":"2025-09-12T22:30:06","slug":"lukaszenka-uwalnia-52-wiezniow-wsrod-nich-trzech-polakow","status":"publish","type":"post","link":"https:\/\/radiopoloniawinnipeg.com\/index.php\/2025\/09\/12\/lukaszenka-uwalnia-52-wiezniow-wsrod-nich-trzech-polakow\/","title":{"rendered":"\u0141ukaszenka uwalnia 52 wi\u0119\u017ani\u00f3w. W\u015br\u00f3d nich trzech Polak\u00f3w"},"content":{"rendered":"<p><img decoding=\"async\" loading=\"lazy\" class=\"aligncenter size-custom-full-size wp-image-222976\" src=\"https:\/\/bejsment.com\/wp-content\/uploads\/2025\/09\/aalukaszenka2-636x477.jpg\" alt=\"\" width=\"636\" height=\"477\" \/><\/p>\n<p><strong>Decyzja dyktatora Bia\u0142orusi o wypuszczeniu 52 wi\u0119\u017ani\u00f3w wywo\u0142a\u0142a zaskoczenie w\u015br\u00f3d polityk\u00f3w i ekspert\u00f3w. Na wolno\u015b\u0107 wyszli obywatele m.in. Polski, Wielkiej Brytanii, Niemiec, Francji, \u0141otwy i Litwy. Pocz\u0105tkowo informowano o dw\u00f3ch Polakach w tej grupie, jednak Ministerstwo Spraw Zagranicznych doprecyzowa\u0142o, \u017ce uwolnionych zosta\u0142o trzech. Wszyscy otrzymali pomoc polskiej ambasady w Wilnie.<\/strong><\/p>\n<p>Wed\u0142ug komentator\u00f3w gest Mi\u0144ska mo\u017ce by\u0107 efektem presji dyplomatycznej ze strony USA. Prezydent Donald Trump publicznie apelowa\u0142 do Aleksandra \u0141ukaszenki o wypuszczenie wi\u0119\u017ani\u00f3w, okre\u015blaj\u0105c ich mianem \u201ezak\u0142adnik\u00f3w\u201d.<\/p>\n<p>\u2013 Co\u015b si\u0119 dzieje na Bia\u0142orusi, o czym jeszcze nie wiemy i czego na razie nie potrafimy zidentyfikowa\u0107 \u2013 oceni\u0142 wiceminister cyfryzacji Micha\u0142 Gramatyka. \u2013 Je\u017celi prezydent USA zwraca si\u0119 do \u0141ukaszenki w tak familiarnym tonie, to, jak mawia\u0142 pewien duchowny, \u201ewiedz, \u017ce co\u015b si\u0119 dzieje\u201d \u2013 doda\u0142.<\/p>\n<p>W\u015br\u00f3d zwolnionych zabrak\u0142o jednak Andrzeja Poczobuta, najbardziej znanego polskiego wi\u0119\u017ania politycznego na Bia\u0142orusi.<\/p>\n<p>\u2013 To ogromna praca polskiego MSZ, kt\u00f3re od wielu miesi\u0119cy zabiega o jego uwolnienie. Mam nadziej\u0119, \u017ce dzi\u0119ki wsp\u00f3\u0142pracy z sojusznikami, kt\u00f3rzy dysponuj\u0105 mocniejszymi argumentami, w ko\u0144cu si\u0119 to uda \u2013 podkre\u015bli\u0142 Gramatyka.<\/p>\n<p style=\"text-align: right\"><em>Na podst. i.PL<\/em><\/p>\n","protected":false},"excerpt":{"rendered":"<p>Decyzja dyktatora Bia\u0142orusi o wypuszczeniu 52 wi\u0119\u017ani\u00f3w wywo\u0142a\u0142a zaskoczenie w\u015br\u00f3d polityk\u00f3w i ekspert\u00f3w. Na wolno\u015b\u0107 wyszli obywatele m.in. Polski, Wielkiej Brytanii, Niemiec, Francji, \u0141otwy i&hellip;<\/p>\n","protected":false},"author":3,"featured_media":3825,"comment_status":"open","ping_status":"open","sticky":false,"template":"","format":"standard","meta":{"footnotes":""},"categories":[15,18],"tags":[],"class_list":["post-3824","post","type-post","status-publish","format-standard","has-post-thumbnail","hentry","category-swiat","category-top-news"],"_links":{"self":[{"href":"https:\/\/radiopoloniawinnipeg.com\/index.php\/wp-json\/wp\/v2\/posts\/3824","targetHints":{"allow":["GET"]}}],"collection":[{"href":"https:\/\/radiopoloniawinnipeg.com\/index.php\/wp-json\/wp\/v2\/posts"}],"about":[{"href":"https:\/\/radiopoloniawinnipeg.com\/index.php\/wp-json\/wp\/v2\/types\/post"}],"author":[{"embeddable":true,"href":"https:\/\/radiopoloniawinnipeg.com\/index.php\/wp-json\/wp\/v2\/users\/3"}],"replies":[{"embeddable":true,"href":"https:\/\/radiopoloniawinnipeg.com\/index.php\/wp-json\/wp\/v2\/comments?post=3824"}],"version-history":[{"count":0,"href":"https:\/\/radiopoloniawinnipeg.com\/index.php\/wp-json\/wp\/v2\/posts\/3824\/revisions"}],"wp:featuredmedia":[{"embeddable":true,"href":"https:\/\/radiopoloniawinnipeg.com\/index.php\/wp-json\/wp\/v2\/media\/3825"}],"wp:attachment":[{"href":"https:\/\/radiopoloniawinnipeg.com\/index.php\/wp-json\/wp\/v2\/media?parent=3824"}],"wp:term":[{"taxonomy":"category","embeddable":true,"href":"https:\/\/radiopoloniawinnipeg.com\/index.php\/wp-json\/wp\/v2\/categories?post=3824"},{"taxonomy":"post_tag","embeddable":true,"href":"https:\/\/radiopoloniawinnipeg.com\/index.php\/wp-json\/wp\/v2\/tags?post=3824"}],"curies":[{"name":"wp","href":"https:\/\/api.w.org\/{rel}","templated":true}]}}