{"id":3828,"date":"2025-09-13T08:30:08","date_gmt":"2025-09-13T12:30:08","guid":{"rendered":"https:\/\/radiopoloniawinnipeg.com\/index.php\/2025\/09\/13\/chinski-minister-spraw-zagranicznych-z-wizyta-w-polsce-pierwsza-od-szesciu-lat\/"},"modified":"2025-09-13T08:30:08","modified_gmt":"2025-09-13T12:30:08","slug":"chinski-minister-spraw-zagranicznych-z-wizyta-w-polsce-pierwsza-od-szesciu-lat","status":"publish","type":"post","link":"https:\/\/radiopoloniawinnipeg.com\/index.php\/2025\/09\/13\/chinski-minister-spraw-zagranicznych-z-wizyta-w-polsce-pierwsza-od-szesciu-lat\/","title":{"rendered":"Chi\u0144ski minister spraw zagranicznych z wizyt\u0105 w Polsce. Pierwsza od sze\u015bciu lat"},"content":{"rendered":"<div id=\"attachment_223051\" style=\"width: 646px\" class=\"wp-caption aligncenter\"><img decoding=\"async\" loading=\"lazy\" aria-describedby=\"caption-attachment-223051\" class=\"size-custom-full-size wp-image-223051\" src=\"https:\/\/bejsment.com\/wp-content\/uploads\/2025\/09\/aaministerchin-636x358.jpg\" alt=\"\" width=\"636\" height=\"358\" \/><\/p>\n<p id=\"caption-attachment-223051\" class=\"wp-caption-text\">Minister spraw zagranicznych Chin Wang Yi<\/p>\n<\/div>\n<p><strong>W poniedzia\u0142ek, 15 wrze\u015bnia, do Warszawy przyjedzie szef chi\u0144skiej dyplomacji Wang Yi. To pierwsza wizyta na tym szczeblu od 2019 roku. Minister spraw zagranicznych Chin spotka si\u0119 z Rados\u0142awem Sikorskim oraz prezydentem Karolem Nawrockim. Polska b\u0119dzie kolejnym etapem europejskiej podr\u00f3\u017cy chi\u0144skiego polityka, kt\u00f3ry wcze\u015bniej odwiedzi\u0142 Austri\u0119 i S\u0142oweni\u0119.<\/strong><\/p>\n<p>Jak podaje \u201e<em>Gazeta Wyborcza\u201d<\/em>, w rozmowach z szefem polskiej dyplomacji dominowa\u0107 b\u0119d\u0105 kwestie bezpiecze\u0144stwa regionalnego. Warszawa chce pozna\u0107 stanowisko Pekinu wobec Rosji i Bia\u0142orusi oraz om\u00f3wi\u0107 chi\u0144skie podej\u015bcie do wojny w Ukrainie. Dyplomaci podkre\u015blaj\u0105, \u017ce temat relacji polsko-bia\u0142oruskich ma dla Chin wymiar praktyczny \u2013 zamkni\u0119cie przej\u015b\u0107 granicznych 11 wrze\u015bnia, w zwi\u0105zku z manewrami \u201eZapad 2025\u201d, sparali\u017cowa\u0142o m.in. terminal w Ma\u0142aszewiczach. To w\u0142a\u015bnie ten punkt nazywany jest \u201echi\u0144sk\u0105 bram\u0105 do Europy\u201d, przez kt\u00f3r\u0105 przechodzi oko\u0142o 13 procent warto\u015bci chi\u0144skiego eksportu na kontynent.<\/p>\n<p>Podczas wizyty Wang Yi w Warszawie poruszony zostanie tak\u017ce temat polskiego drobiu. Cho\u0107 embargo na jego import do Chin formalnie zniesiono po ubieg\u0142orocznej wizycie prezydenta Andrzeja Dudy w Pekinie, w praktyce zakaz nadal obowi\u0105zuje. \u2013 W ostatnich tygodniach widzimy post\u0119p i wygl\u0105da na to, \u017ce rozwi\u0105zanie zostanie wprowadzone. Bior\u0105c pod uwag\u0119, \u017ce Polska jest najwi\u0119kszym producentem drobiu w Europie, ma to istotne znaczenie. Chcemy doprowadzi\u0107 do podpisania odpowiedniej umowy \u2013 przekaza\u0142o \u017ar\u00f3d\u0142o <em>GW<\/em>.<\/p>\n<p style=\"text-align: right\"><em>Na podst. i.Pl<\/em><\/p>\n","protected":false},"excerpt":{"rendered":"<p>Minister spraw zagranicznych Chin Wang Yi W poniedzia\u0142ek, 15 wrze\u015bnia, do Warszawy przyjedzie szef chi\u0144skiej dyplomacji Wang Yi. To pierwsza wizyta na tym szczeblu od&hellip;<\/p>\n","protected":false},"author":3,"featured_media":3829,"comment_status":"open","ping_status":"open","sticky":false,"template":"","format":"standard","meta":{"footnotes":""},"categories":[15,18],"tags":[],"class_list":["post-3828","post","type-post","status-publish","format-standard","has-post-thumbnail","hentry","category-swiat","category-top-news"],"_links":{"self":[{"href":"https:\/\/radiopoloniawinnipeg.com\/index.php\/wp-json\/wp\/v2\/posts\/3828","targetHints":{"allow":["GET"]}}],"collection":[{"href":"https:\/\/radiopoloniawinnipeg.com\/index.php\/wp-json\/wp\/v2\/posts"}],"about":[{"href":"https:\/\/radiopoloniawinnipeg.com\/index.php\/wp-json\/wp\/v2\/types\/post"}],"author":[{"embeddable":true,"href":"https:\/\/radiopoloniawinnipeg.com\/index.php\/wp-json\/wp\/v2\/users\/3"}],"replies":[{"embeddable":true,"href":"https:\/\/radiopoloniawinnipeg.com\/index.php\/wp-json\/wp\/v2\/comments?post=3828"}],"version-history":[{"count":0,"href":"https:\/\/radiopoloniawinnipeg.com\/index.php\/wp-json\/wp\/v2\/posts\/3828\/revisions"}],"wp:featuredmedia":[{"embeddable":true,"href":"https:\/\/radiopoloniawinnipeg.com\/index.php\/wp-json\/wp\/v2\/media\/3829"}],"wp:attachment":[{"href":"https:\/\/radiopoloniawinnipeg.com\/index.php\/wp-json\/wp\/v2\/media?parent=3828"}],"wp:term":[{"taxonomy":"category","embeddable":true,"href":"https:\/\/radiopoloniawinnipeg.com\/index.php\/wp-json\/wp\/v2\/categories?post=3828"},{"taxonomy":"post_tag","embeddable":true,"href":"https:\/\/radiopoloniawinnipeg.com\/index.php\/wp-json\/wp\/v2\/tags?post=3828"}],"curies":[{"name":"wp","href":"https:\/\/api.w.org\/{rel}","templated":true}]}}