{"id":3832,"date":"2025-09-13T12:30:06","date_gmt":"2025-09-13T16:30:06","guid":{"rendered":"https:\/\/radiopoloniawinnipeg.com\/index.php\/2025\/09\/13\/strzelanina-pod-chicago-nie-zyje-podejrzany-agent-ice-jest-ranny\/"},"modified":"2025-09-13T12:30:06","modified_gmt":"2025-09-13T16:30:06","slug":"strzelanina-pod-chicago-nie-zyje-podejrzany-agent-ice-jest-ranny","status":"publish","type":"post","link":"https:\/\/radiopoloniawinnipeg.com\/index.php\/2025\/09\/13\/strzelanina-pod-chicago-nie-zyje-podejrzany-agent-ice-jest-ranny\/","title":{"rendered":"Strzelanina pod Chicago. Nie \u017cyje podejrzany, agent ICE jest ranny"},"content":{"rendered":"<p><img decoding=\"async\" loading=\"lazy\" class=\"aligncenter size-custom-full-size wp-image-223059\" src=\"https:\/\/bejsment.com\/wp-content\/uploads\/2025\/09\/aachicago-636x358.jpg\" alt=\"\" width=\"636\" height=\"358\" \/><\/p>\n<p><strong>Na przedmie\u015bciach Chicago, w miejscowo\u015bci Franklin Park, dosz\u0142o do dramatycznych wydarze\u0144 zako\u0144czonych \u015bmierci\u0105 jednej osoby i hospitalizacj\u0105 funkcjonariusza s\u0142u\u017cby imigracyjnej i celnej (ICE).<\/strong><\/p>\n<p>Wed\u0142ug relacji polskoj\u0119zycznej rozg\u0142o\u015bni Polski FM, ofiara \u015bmiertelna by\u0142a prawdopodobnie nielegalnym imigrantem, kt\u00f3ry pr\u00f3bowa\u0142 unikn\u0105\u0107 aresztowania. Do zdarzenia dosz\u0142o w pi\u0105tek po po\u0142udniu przy 9800 Grand Avenue. Jak przekaza\u0142 przedstawiciel Departamentu Bezpiecze\u0144stwa Krajowego, podczas pr\u00f3by zatrzymania m\u0119\u017cczyzna stawia\u0142 op\u00f3r, a nast\u0119pnie usi\u0142owa\u0142 wjecha\u0107 samochodem w agent\u00f3w, potr\u0105caj\u0105c jednego z nich i ci\u0105gn\u0105c go za sob\u0105. W tej sytuacji funkcjonariusze otworzyli ogie\u0144.<\/p>\n<p>Ranny podejrzany oraz poszkodowany agent trafili do szpitala. Pomimo udzielonej pomocy medycznej, m\u0119\u017cczyzna zmar\u0142 na skutek odniesionych ran. Funkcjonariusz ICE dozna\u0142 powa\u017cnych obra\u017ce\u0144, ale jego stan zosta\u0142 ustabilizowany.<\/p>\n<p>W o\u015bwiadczeniu ICE podkre\u015blono, \u017ce narastaj\u0105ca fala dezinformacji i nagrania w sieci zach\u0119caj\u0105ce nielegalnych imigrant\u00f3w do stawiania oporu organom \u015bcigania \u201epodwa\u017caj\u0105 bezpiecze\u0144stwo publiczne, a tak\u017ce nara\u017caj\u0105 funkcjonariuszy i zatrzymanych na jeszcze wi\u0119ksze ryzyko\u201d.<\/p>\n<p>Do strzelaniny dosz\u0142o w trakcie prowadzonej od poniedzia\u0142ku operacji federalnej \u201eMidway Blitz\u201d, zainicjowanej przez administracj\u0119 prezydenta Donalda Trumpa. Jej celem jest zwalczanie nielegalnej imigracji na terenie stanu Illinois.<\/p>\n<p style=\"text-align: right\"><em>Na podst. Polsat News<\/em><\/p>\n","protected":false},"excerpt":{"rendered":"<p>Na przedmie\u015bciach Chicago, w miejscowo\u015bci Franklin Park, dosz\u0142o do dramatycznych wydarze\u0144 zako\u0144czonych \u015bmierci\u0105 jednej osoby i hospitalizacj\u0105 funkcjonariusza s\u0142u\u017cby imigracyjnej i celnej (ICE). Wed\u0142ug relacji&hellip;<\/p>\n","protected":false},"author":3,"featured_media":3833,"comment_status":"open","ping_status":"open","sticky":false,"template":"","format":"standard","meta":{"footnotes":""},"categories":[15,18],"tags":[],"class_list":["post-3832","post","type-post","status-publish","format-standard","has-post-thumbnail","hentry","category-swiat","category-top-news"],"_links":{"self":[{"href":"https:\/\/radiopoloniawinnipeg.com\/index.php\/wp-json\/wp\/v2\/posts\/3832","targetHints":{"allow":["GET"]}}],"collection":[{"href":"https:\/\/radiopoloniawinnipeg.com\/index.php\/wp-json\/wp\/v2\/posts"}],"about":[{"href":"https:\/\/radiopoloniawinnipeg.com\/index.php\/wp-json\/wp\/v2\/types\/post"}],"author":[{"embeddable":true,"href":"https:\/\/radiopoloniawinnipeg.com\/index.php\/wp-json\/wp\/v2\/users\/3"}],"replies":[{"embeddable":true,"href":"https:\/\/radiopoloniawinnipeg.com\/index.php\/wp-json\/wp\/v2\/comments?post=3832"}],"version-history":[{"count":0,"href":"https:\/\/radiopoloniawinnipeg.com\/index.php\/wp-json\/wp\/v2\/posts\/3832\/revisions"}],"wp:featuredmedia":[{"embeddable":true,"href":"https:\/\/radiopoloniawinnipeg.com\/index.php\/wp-json\/wp\/v2\/media\/3833"}],"wp:attachment":[{"href":"https:\/\/radiopoloniawinnipeg.com\/index.php\/wp-json\/wp\/v2\/media?parent=3832"}],"wp:term":[{"taxonomy":"category","embeddable":true,"href":"https:\/\/radiopoloniawinnipeg.com\/index.php\/wp-json\/wp\/v2\/categories?post=3832"},{"taxonomy":"post_tag","embeddable":true,"href":"https:\/\/radiopoloniawinnipeg.com\/index.php\/wp-json\/wp\/v2\/tags?post=3832"}],"curies":[{"name":"wp","href":"https:\/\/api.w.org\/{rel}","templated":true}]}}