{"id":3838,"date":"2025-09-13T16:15:05","date_gmt":"2025-09-13T20:15:05","guid":{"rendered":"https:\/\/radiopoloniawinnipeg.com\/index.php\/2025\/09\/13\/holandia-brakuje-miejsc-dla-ukraincow\/"},"modified":"2025-09-13T16:15:05","modified_gmt":"2025-09-13T20:15:05","slug":"holandia-brakuje-miejsc-dla-ukraincow","status":"publish","type":"post","link":"https:\/\/radiopoloniawinnipeg.com\/index.php\/2025\/09\/13\/holandia-brakuje-miejsc-dla-ukraincow\/","title":{"rendered":"Holandia &#8211; brakuje miejsc dla Ukrai\u0144c\u00f3w"},"content":{"rendered":"<p><img decoding=\"async\" loading=\"lazy\" class=\"aligncenter size-custom-full-size wp-image-222704\" src=\"https:\/\/bejsment.com\/wp-content\/uploads\/2025\/09\/aaholandia-636x477.jpg\" alt=\"\" width=\"636\" height=\"477\" \/><\/p>\n<p><strong>Holenderskie gminy alarmuj\u0105, \u017ce sytuacja zwi\u0105zana z przyjmowaniem uchod\u017ac\u00f3w z Ukrainy staje si\u0119 krytyczna. Zwi\u0105zek Gmin Holenderskich (VNG) poinformowa\u0142, \u017ce wszystkie z ponad 97 tys. miejsc zakwaterowania s\u0105 ju\u017c zaj\u0119te, a liczba nowych przybywaj\u0105cych wci\u0105\u017c ro\u015bnie. Do kraju co tydzie\u0144 dociera ok. 300 obywateli Ukrainy \u2013 g\u0142\u00f3wnie kobiety z dzie\u0107mi, cho\u0107 pojawiaj\u0105 si\u0119 r\u00f3wnie\u017c m\u0142odzi m\u0119\u017cczy\u017ani szukaj\u0105cy pracy.<\/strong><\/p>\n<p>Pierwsze odmowy przyj\u0119cia uchod\u017ac\u00f3w ju\u017c si\u0119 zdarzaj\u0105. W Utrechcie zabrak\u0142o miejsc w schroniskach. \u2013 Nie mamy poj\u0119cia, co zrobimy dalej \u2013 przyznaje radna Rachel Streefland, dodaj\u0105c, \u017ce z powodu braku funduszy miasto mo\u017ce by\u0107 zmuszone do zamkni\u0119cia istniej\u0105cych plac\u00f3wek. Podobny problem dotyka Dordrechtu, gdzie tysi\u0105c os\u00f3b ulokowano m.in. w dawnym biurowcu przeznaczonym do remontu. \u2013 Wiem, \u017ce w innych gminach te\u017c nie ma miejsc. Ukrai\u0144cy mog\u0105 pr\u00f3bowa\u0107 w Niemczech, Polsce albo innym kraju. Ale tutaj sprawa utkn\u0119\u0142a w martwym punkcie \u2013 m\u00f3wi radny Wim van der Kruijff.<\/p>\n<p>Na tle trudno\u015bci Holandii wyr\u00f3\u017cnia si\u0119 Polska, kt\u00f3ra od pocz\u0105tku wojny przyj\u0119\u0142a najwi\u0119ksz\u0105 liczb\u0119 uchod\u017ac\u00f3w \u2013 wci\u0105\u017c s\u0105 ich tu miliony, z czego cz\u0119\u015b\u0107 osiedli\u0142a si\u0119 na sta\u0142e. W Czechach na tysi\u0105c mieszka\u0144c\u00f3w przypada 36 Ukrai\u0144c\u00f3w, w Polsce kilkana\u015bcie, a w Holandii jedynie siedmiu. Mimo to tamtejsze samorz\u0105dy twierdz\u0105, \u017ce sytuacja jest ju\u017c nie do opanowania.<\/p>\n<p>\u2013 By\u0107 mo\u017ce pracodawcy powinni finansowa\u0107 mieszkania dla m\u0119\u017cczyzn przyje\u017cd\u017caj\u0105cych do pracy. Mo\u017ce trzeba to zapisa\u0107 w prawie \u2013 proponuje Streefland. Ministerstwo ds. Azylu i Migracji przyznaje, \u017ce problem narasta i staje si\u0119 dramatyczny. \u2013 Zdarzaj\u0105 si\u0119 tragiczne sytuacje, kiedy bezbronni uchod\u017acy nie otrzymuj\u0105 schronienia, kt\u00f3rego potrzebuj\u0105 \u2013 podkre\u015bla rzecznik resortu. Rz\u0105d rozwa\u017ca wprowadzenie nowych zasad, kt\u00f3re zobowi\u0105za\u0142yby osoby posiadaj\u0105ce dochody do wsp\u00f3\u0142finansowania koszt\u00f3w zakwaterowania.<\/p>\n","protected":false},"excerpt":{"rendered":"<p>Holenderskie gminy alarmuj\u0105, \u017ce sytuacja zwi\u0105zana z przyjmowaniem uchod\u017ac\u00f3w z Ukrainy staje si\u0119 krytyczna. Zwi\u0105zek Gmin Holenderskich (VNG) poinformowa\u0142, \u017ce wszystkie z ponad 97 tys.&hellip;<\/p>\n","protected":false},"author":3,"featured_media":3839,"comment_status":"open","ping_status":"open","sticky":false,"template":"","format":"standard","meta":{"footnotes":""},"categories":[15,18],"tags":[],"class_list":["post-3838","post","type-post","status-publish","format-standard","has-post-thumbnail","hentry","category-swiat","category-top-news"],"_links":{"self":[{"href":"https:\/\/radiopoloniawinnipeg.com\/index.php\/wp-json\/wp\/v2\/posts\/3838","targetHints":{"allow":["GET"]}}],"collection":[{"href":"https:\/\/radiopoloniawinnipeg.com\/index.php\/wp-json\/wp\/v2\/posts"}],"about":[{"href":"https:\/\/radiopoloniawinnipeg.com\/index.php\/wp-json\/wp\/v2\/types\/post"}],"author":[{"embeddable":true,"href":"https:\/\/radiopoloniawinnipeg.com\/index.php\/wp-json\/wp\/v2\/users\/3"}],"replies":[{"embeddable":true,"href":"https:\/\/radiopoloniawinnipeg.com\/index.php\/wp-json\/wp\/v2\/comments?post=3838"}],"version-history":[{"count":0,"href":"https:\/\/radiopoloniawinnipeg.com\/index.php\/wp-json\/wp\/v2\/posts\/3838\/revisions"}],"wp:featuredmedia":[{"embeddable":true,"href":"https:\/\/radiopoloniawinnipeg.com\/index.php\/wp-json\/wp\/v2\/media\/3839"}],"wp:attachment":[{"href":"https:\/\/radiopoloniawinnipeg.com\/index.php\/wp-json\/wp\/v2\/media?parent=3838"}],"wp:term":[{"taxonomy":"category","embeddable":true,"href":"https:\/\/radiopoloniawinnipeg.com\/index.php\/wp-json\/wp\/v2\/categories?post=3838"},{"taxonomy":"post_tag","embeddable":true,"href":"https:\/\/radiopoloniawinnipeg.com\/index.php\/wp-json\/wp\/v2\/tags?post=3838"}],"curies":[{"name":"wp","href":"https:\/\/api.w.org\/{rel}","templated":true}]}}