{"id":3842,"date":"2025-09-13T18:30:08","date_gmt":"2025-09-13T22:30:08","guid":{"rendered":"https:\/\/radiopoloniawinnipeg.com\/index.php\/2025\/09\/13\/korea-polnocna-kara-smierci-za-ogladanie-zagranicznych-filmow\/"},"modified":"2025-09-13T18:30:08","modified_gmt":"2025-09-13T22:30:08","slug":"korea-polnocna-kara-smierci-za-ogladanie-zagranicznych-filmow","status":"publish","type":"post","link":"https:\/\/radiopoloniawinnipeg.com\/index.php\/2025\/09\/13\/korea-polnocna-kara-smierci-za-ogladanie-zagranicznych-filmow\/","title":{"rendered":"Korea P\u00f3\u0142nocna \u2013 kara \u015bmierci za ogl\u0105danie zagranicznych film\u00f3w"},"content":{"rendered":"<div id=\"attachment_223046\" style=\"width: 646px\" class=\"wp-caption aligncenter\"><img decoding=\"async\" loading=\"lazy\" aria-describedby=\"caption-attachment-223046\" class=\"wp-image-223046 size-custom-full-size\" src=\"https:\/\/bejsment.com\/wp-content\/uploads\/2025\/09\/aakimkorea-636x358.jpg\" alt=\"\" width=\"636\" height=\"358\" \/><\/p>\n<p id=\"caption-attachment-223046\" class=\"wp-caption-text\">Dyktator Korei P\u00f3\u0142nocnej Kim Dzong Un.<\/p>\n<\/div>\n<p><strong>Re\u017cim Kim Dzong Una coraz cz\u0119\u015bciej si\u0119ga po najwy\u017cszy wymiar kary wobec w\u0142asnych obywateli \u2013 wynika z najnowszego raportu Biura Wysokiego Komisarza ONZ ds. Praw Cz\u0142owieka (OHCHR). Kara \u015bmierci grozi ju\u017c nie tylko za przest\u0119pstwa kryminalne, ale tak\u017ce za ogl\u0105danie czy dystrybucj\u0119 zagranicznych film\u00f3w i seriali.<\/strong><\/p>\n<p>Raport, oparty na ponad 300 rozmowach z uciekinierami z ostatniej dekady, wskazuje, \u017ce od 2015 roku wprowadzono co najmniej sze\u015b\u0107 nowych ustaw poszerzaj\u0105cych katalog czyn\u00f3w karanych \u015bmierci\u0105. Wed\u0142ug \u015bwiadk\u00f3w, liczba publicznych egzekucji, wykonywanych przez plutony egzekucyjne w celu zastraszenia spo\u0142ecze\u0144stwa, znacz\u0105co wzros\u0142a po 2020 roku.<\/p>\n<p>Jedna z uciekinierek, Kang Gyuri, kt\u00f3ra zbieg\u0142a z Korei P\u00f3\u0142nocnej w 2023 roku, opowiedzia\u0142a BBC o straceniu swojego przyjaciela za posiadanie multimedi\u00f3w z Korei Po\u0142udniowej. \u2013 By\u0142 s\u0105dzony razem z przest\u0119pcami narkotykowymi. Te przest\u0119pstwa traktuje si\u0119 teraz tak samo \u2013 podkre\u015bli\u0142a.<\/p>\n<p>Autorzy raportu alarmuj\u0105, \u017ce od 2014 roku sytuacja w zakresie praw cz\u0142owieka nie tylko si\u0119 nie poprawi\u0142a, ale w wielu aspektach pogorszy\u0142a. W\u0142adze rozszerzy\u0142y system inwigilacji, wykorzystuj\u0105c nowoczesne technologie do jeszcze skuteczniejszej kontroli wszystkich aspekt\u00f3w \u017cycia obywateli.<\/p>\n<p>\u015awiadectwa uciekinier\u00f3w wskazuj\u0105 r\u00f3wnie\u017c na dramatyczne pogorszenie sytuacji gospodarczej \u2013 rosn\u0105cy g\u0142\u00f3d, likwidacj\u0119 nieformalnych targowisk i zaostrzenie kontroli granic, co niemal uniemo\u017cliwia ucieczk\u0119 z kraju. \u2013 Aby zamkn\u0105\u0107 ludziom oczy i uszy, wzmocnili represje. To forma kontroli maj\u0105ca na celu wyeliminowanie nawet najmniejszych oznak niezadowolenia \u2013 zezna\u0142 jeden z rozm\u00f3wc\u00f3w OHCHR.<\/p>\n<p>Wysoki Komisarz ONZ ds. Praw Cz\u0142owieka Volker Tuerk ostrzeg\u0142, \u017ce mieszka\u0144cy Korei P\u00f3\u0142nocnej b\u0119d\u0105 w nadchodz\u0105cych latach nara\u017ceni na jeszcze wi\u0119cej cierpienia, represji i strachu.<\/p>\n<p style=\"text-align: right\"><em>Na podst. Polsat News<\/em><\/p>\n","protected":false},"excerpt":{"rendered":"<p>Dyktator Korei P\u00f3\u0142nocnej Kim Dzong Un. Re\u017cim Kim Dzong Una coraz cz\u0119\u015bciej si\u0119ga po najwy\u017cszy wymiar kary wobec w\u0142asnych obywateli \u2013 wynika z najnowszego raportu&hellip;<\/p>\n","protected":false},"author":3,"featured_media":3843,"comment_status":"open","ping_status":"open","sticky":false,"template":"","format":"standard","meta":{"footnotes":""},"categories":[15,18],"tags":[],"class_list":["post-3842","post","type-post","status-publish","format-standard","has-post-thumbnail","hentry","category-swiat","category-top-news"],"_links":{"self":[{"href":"https:\/\/radiopoloniawinnipeg.com\/index.php\/wp-json\/wp\/v2\/posts\/3842","targetHints":{"allow":["GET"]}}],"collection":[{"href":"https:\/\/radiopoloniawinnipeg.com\/index.php\/wp-json\/wp\/v2\/posts"}],"about":[{"href":"https:\/\/radiopoloniawinnipeg.com\/index.php\/wp-json\/wp\/v2\/types\/post"}],"author":[{"embeddable":true,"href":"https:\/\/radiopoloniawinnipeg.com\/index.php\/wp-json\/wp\/v2\/users\/3"}],"replies":[{"embeddable":true,"href":"https:\/\/radiopoloniawinnipeg.com\/index.php\/wp-json\/wp\/v2\/comments?post=3842"}],"version-history":[{"count":0,"href":"https:\/\/radiopoloniawinnipeg.com\/index.php\/wp-json\/wp\/v2\/posts\/3842\/revisions"}],"wp:featuredmedia":[{"embeddable":true,"href":"https:\/\/radiopoloniawinnipeg.com\/index.php\/wp-json\/wp\/v2\/media\/3843"}],"wp:attachment":[{"href":"https:\/\/radiopoloniawinnipeg.com\/index.php\/wp-json\/wp\/v2\/media?parent=3842"}],"wp:term":[{"taxonomy":"category","embeddable":true,"href":"https:\/\/radiopoloniawinnipeg.com\/index.php\/wp-json\/wp\/v2\/categories?post=3842"},{"taxonomy":"post_tag","embeddable":true,"href":"https:\/\/radiopoloniawinnipeg.com\/index.php\/wp-json\/wp\/v2\/tags?post=3842"}],"curies":[{"name":"wp","href":"https:\/\/api.w.org\/{rel}","templated":true}]}}