{"id":3844,"date":"2025-09-14T07:00:12","date_gmt":"2025-09-14T11:00:12","guid":{"rendered":"https:\/\/radiopoloniawinnipeg.com\/index.php\/2025\/09\/14\/radna-po-zaatakowana-przez-imigranta\/"},"modified":"2025-09-14T07:00:12","modified_gmt":"2025-09-14T11:00:12","slug":"radna-po-zaatakowana-przez-imigranta","status":"publish","type":"post","link":"https:\/\/radiopoloniawinnipeg.com\/index.php\/2025\/09\/14\/radna-po-zaatakowana-przez-imigranta\/","title":{"rendered":"Radna PO zaatakowana przez imigranta"},"content":{"rendered":"<div id=\"attachment_223090\" style=\"width: 646px\" class=\"wp-caption aligncenter\"><img decoding=\"async\" loading=\"lazy\" aria-describedby=\"caption-attachment-223090\" class=\"size-custom-full-size wp-image-223090\" src=\"https:\/\/bejsment.com\/wp-content\/uploads\/2025\/09\/aacison-636x333.jpg\" alt=\"\" width=\"636\" height=\"333\" \/><\/p>\n<p id=\"caption-attachment-223090\" class=\"wp-caption-text\">Sylwia Ciso\u0144<\/p>\n<\/div>\n<p><strong>Radna Platformy Obywatelskiej Sylwia Ciso\u0144 poinformowa\u0142a, \u017ce podczas podr\u00f3\u017cy z synami na mecz Lechii Gda\u0144sk z GKS Katowice zosta\u0142a zaatakowana przez kierowc\u0119 taks\u00f3wki. Jak relacjonuje, m\u0119\u017cczyzna mia\u0142 si\u0119 zdenerwowa\u0107, gdy zwr\u00f3ci\u0142a mu uwag\u0119, \u017ce pomyli\u0142 tras\u0119 i wysadzi\u0142 ich w niew\u0142a\u015bciwym miejscu.<\/strong><\/p>\n<p>Wed\u0142ug Ciso\u0144, kierowca po zako\u0144czeniu kursu pr\u00f3bowa\u0142 j\u0105 oplu\u0107, a nast\u0119pnie u\u017cy\u0142 gazu pieprzowego.<\/p>\n<p>\u201eNa szcz\u0119\u015bcie dzieciom nic si\u0119 nie sta\u0142o. Ja trafi\u0142am na ostry dy\u017cur z poparzon\u0105 po\u0142ow\u0105 twarzy, ca\u0142\u0105 szyj\u0105 i dekoltem\u201d \u2013 napisa\u0142a radna w mediach spo\u0142eczno\u015bciowych. Jak doda\u0142a, ca\u0142\u0105 noc sp\u0119dzi\u0142a na SOR-ze.<\/p>\n<p>\u201eTo nie by\u0142a obrona konieczna, to by\u0142a frustracja wy\u0142adowana na kobiecie. Rozumiem nieprzepracowane traumy, inn\u0105 kultur\u0119 i trudno\u015bci z adaptacj\u0105, ale takie sytuacje nie powinny mie\u0107 miejsca. Kierowcy powinni by\u0107 lepiej sprawdzani\u201d \u2013 podkre\u015bli\u0142a.<\/p>\n<h3><strong>Apel radnej i nagranie z auta<\/strong><\/h3>\n<p>Polityk zaznaczy\u0142a, \u017ce incydent pokazuje, i\u017c aplikacje przewozowe nie zapewniaj\u0105 stuprocentowego bezpiecze\u0144stwa.<\/p>\n<p>\u201eNie pisz\u0119 tego, by si\u0119 wy\u017cala\u0107. Jestem tward\u0105 babk\u0105, nie \u0142ami\u0105 mnie takie sytuacje. Ale chc\u0119 uczuli\u0107: zawsze b\u0105d\u017acie uwa\u017cne i reagujcie na niepokoj\u0105ce sygna\u0142y\u201d \u2013 zaapelowa\u0142a.<\/p>\n<p>Ciso\u0144 zapowiedzia\u0142a te\u017c, \u017ce w listopadzie wsp\u00f3\u0142prowadzi konferencj\u0119 dotycz\u0105c\u0105 przemocy wobec kobiet w przestrzeni publicznej.<\/p>\n<p>\u201eTo do\u015bwiadczenie pokazuje, jak wa\u017cny i gor\u0105cy jest to temat\u201d \u2013 doda\u0142a.<\/p>\n<p>Do internetu trafi\u0142o nagranie z wn\u0119trza taks\u00f3wki, na kt\u00f3rym wida\u0107, jak radna w ostrych s\u0142owach zwraca si\u0119 do kierowcy, zarzucaj\u0105c mu brak znajomo\u015bci j\u0119zyka i niew\u0142a\u015bciwy wyb\u00f3r trasy.<\/p>\n<p>\u2013 Wie pan, jak si\u0119 nie orientujemy, to trzeba wraca\u0107 do swojego kraju, a nie by\u0107 w kraju, w kt\u00f3rym si\u0119 nie zna j\u0119zyka i nie wie, jak jecha\u0107 \u2013 m\u00f3wi na nagraniu.<\/p>\n<p>Po chwili zapowiada z\u0142o\u017cenie skargi. Film urywa si\u0119 tu\u017c przed atakiem, kt\u00f3ry \u2013 jak twierdzi radna \u2013 nast\u0105pi\u0142 chwil\u0119 p\u00f3\u017aniej.<\/p>\n<h3><strong>Policja bada spraw\u0119<\/strong><\/h3>\n<p>Portal trojmiasto.pl poda\u0142, \u017ce Ciso\u0144 nie zg\u0142osi\u0142a incydentu na policj\u0119, ale funkcjonariusze sami skontaktowali si\u0119 z ni\u0105 po doniesieniach w mediach.<\/p>\n<p>\u2013 Policjanci zajmuj\u0105 si\u0119 spraw\u0105 \u2013 potwierdzi\u0142a pomorska policja.<\/p>\n<p>Radna odnios\u0142a si\u0119 r\u00f3wnie\u017c do nagrania.<\/p>\n<p>\u2013 Bardzo przepraszam za wulgaryzmy i zbyt mocne s\u0142owa, kt\u00f3rych u\u017cy\u0142am pod wp\u0142ywem emocji. Ale chc\u0119 podkre\u015bli\u0107, \u017ce moje s\u0142owa nie usprawiedliwiaj\u0105 przemocy fizycznej ani agresji, kt\u00f3rej do\u015bwiadczy\u0142am \u2013 o\u015bwiadczy\u0142a.<\/p>\n<p style=\"text-align: right\"><em>Na podst. i.Pl<\/em><\/p>\n","protected":false},"excerpt":{"rendered":"<p>Sylwia Ciso\u0144 Radna Platformy Obywatelskiej Sylwia Ciso\u0144 poinformowa\u0142a, \u017ce podczas podr\u00f3\u017cy z synami na mecz Lechii Gda\u0144sk z GKS Katowice zosta\u0142a zaatakowana przez kierowc\u0119 taks\u00f3wki.&hellip;<\/p>\n","protected":false},"author":3,"featured_media":3845,"comment_status":"open","ping_status":"open","sticky":false,"template":"","format":"standard","meta":{"footnotes":""},"categories":[14,18],"tags":[],"class_list":["post-3844","post","type-post","status-publish","format-standard","has-post-thumbnail","hentry","category-polska","category-top-news"],"_links":{"self":[{"href":"https:\/\/radiopoloniawinnipeg.com\/index.php\/wp-json\/wp\/v2\/posts\/3844","targetHints":{"allow":["GET"]}}],"collection":[{"href":"https:\/\/radiopoloniawinnipeg.com\/index.php\/wp-json\/wp\/v2\/posts"}],"about":[{"href":"https:\/\/radiopoloniawinnipeg.com\/index.php\/wp-json\/wp\/v2\/types\/post"}],"author":[{"embeddable":true,"href":"https:\/\/radiopoloniawinnipeg.com\/index.php\/wp-json\/wp\/v2\/users\/3"}],"replies":[{"embeddable":true,"href":"https:\/\/radiopoloniawinnipeg.com\/index.php\/wp-json\/wp\/v2\/comments?post=3844"}],"version-history":[{"count":0,"href":"https:\/\/radiopoloniawinnipeg.com\/index.php\/wp-json\/wp\/v2\/posts\/3844\/revisions"}],"wp:featuredmedia":[{"embeddable":true,"href":"https:\/\/radiopoloniawinnipeg.com\/index.php\/wp-json\/wp\/v2\/media\/3845"}],"wp:attachment":[{"href":"https:\/\/radiopoloniawinnipeg.com\/index.php\/wp-json\/wp\/v2\/media?parent=3844"}],"wp:term":[{"taxonomy":"category","embeddable":true,"href":"https:\/\/radiopoloniawinnipeg.com\/index.php\/wp-json\/wp\/v2\/categories?post=3844"},{"taxonomy":"post_tag","embeddable":true,"href":"https:\/\/radiopoloniawinnipeg.com\/index.php\/wp-json\/wp\/v2\/tags?post=3844"}],"curies":[{"name":"wp","href":"https:\/\/api.w.org\/{rel}","templated":true}]}}