{"id":3846,"date":"2025-09-14T08:30:09","date_gmt":"2025-09-14T12:30:09","guid":{"rendered":"https:\/\/radiopoloniawinnipeg.com\/index.php\/2025\/09\/14\/marsz-przeciwko-imigracji-w-londynie\/"},"modified":"2025-09-14T08:30:09","modified_gmt":"2025-09-14T12:30:09","slug":"marsz-przeciwko-imigracji-w-londynie","status":"publish","type":"post","link":"https:\/\/radiopoloniawinnipeg.com\/index.php\/2025\/09\/14\/marsz-przeciwko-imigracji-w-londynie\/","title":{"rendered":"Marsz przeciwko imigracji w Londynie"},"content":{"rendered":"<p><img decoding=\"async\" loading=\"lazy\" class=\"aligncenter size-custom-full-size wp-image-223096\" src=\"https:\/\/bejsment.com\/wp-content\/uploads\/2025\/09\/aalondynmarsz-636x478.jpg\" alt=\"\" width=\"636\" height=\"478\" \/><\/p>\n<p><strong>W sobot\u0119 ulice Londynu wype\u0142ni\u0142y t\u0142umy uczestnik\u00f3w wielkiego marszu przeciwko imigracji, zorganizowanego pod has\u0142em \u201eZjednocz Kr\u00f3lestwo\u201d. Inicjatorem wydarzenia by\u0142 kontrowersyjny dzia\u0142acz prawicowy Tommy Robinson, kt\u00f3ry okre\u015bli\u0142 demonstracj\u0119 mianem \u201enajwi\u0119kszej w historii Wielkiej Brytanii\u201d i \u201efestiwalem wolno\u015bci s\u0142owa\u201d.<\/strong><\/p>\n<p>\u2013 Dzisiaj pojawi\u0142a si\u0119 iskra rewolucji w Wielkiej Brytanii. To nasz moment. Rewolucja ju\u017c si\u0119 rozpocz\u0119\u0142a \u2013 m\u00f3wi\u0142 Robinson do zgromadzonych.<\/p>\n<p>Uczestnicy nie\u015bli brytyjskie i angielskie flagi oraz transparenty z has\u0142ami: \u201eZatrzymajcie \u0142odzie\u201d, \u201eDo\u015b\u0107 tego, ratujcie nasze dzieci\u201d czy \u201eCharlie Kirk RIP\u201d. T\u0142um skandowa\u0142 r\u00f3wnie\u017c: \u201eCzyja ulica? Nasza ulica\u201d, \u201eAnglia\u201d i \u201eTommy\u201d.<\/p>\n<p>W trakcie demonstracji dosz\u0142o tak\u017ce do \u0142\u0105czenia online z Elonem Muskiem. Ameryka\u0144ski miliarder ostro skrytykowa\u0142 premiera Wielkiej Brytanii, m\u00f3wi\u0105c o \u201eszybko rosn\u0105cej erozji pa\u0144stwa\u201d, i wezwa\u0142 do rozwi\u0105zania parlamentu.<\/p>\n<p><strong>Polscy politycy na marszu<\/strong><\/p>\n<p>Na wydarzeniu pojawi\u0142 si\u0119 r\u00f3wnie\u017c polski akcent. W Londynie obecni byli Ryszard Wilk i Grzegorz P\u0142aczek z Konfederacji oraz europose\u0142 PiS Dominik Tarczy\u0144ski, kt\u00f3ry wyg\u0142osi\u0142 przem\u00f3wienie.<\/p>\n<blockquote class=\"twitter-tweet\" data-width=\"550\" data-dnt=\"true\">\n<p lang=\"en\" dir=\"ltr\">FREE SPEECH FESTIVAL!<br \/>London, 13.09.2025 <a href=\"https:\/\/t.co\/ab2pXA5Y8R\">pic.twitter.com\/ab2pXA5Y8R<\/a><\/p>\n<p>&mdash; Dominik Tarczy\u0144ski MEP (@D_Tarczynski) <a href=\"https:\/\/twitter.com\/D_Tarczynski\/status\/1966949403736052153?ref_src=twsrc%5Etfw\">September 13, 2025<\/a><\/p>\n<\/blockquote>\n<p>\u2013 Nie jeste\u015bmy ju\u017c cich\u0105 mniejszo\u015bci\u0105. Odbijamy nasz\u0105 chrze\u015bcija\u0144sk\u0105 Europ\u0119. Wiecie, co musimy zrobi\u0107 \u2013 musimy tych wszystkich ludzi odes\u0142a\u0107. Jaka jest moja ulubiona liczba? Zero. Musimy by\u0107 bardzo radykalni. Ju\u017c nam wystarczy \u2013 powiedzia\u0142 Tarczy\u0144ski, wzywaj\u0105c Brytyjczyk\u00f3w do odwagi i determinacji w walce z nielegaln\u0105 migracj\u0105.<\/p>\n<p>\u2013 Je\u017celi ktokolwiek zapyta was o opini\u0119 na temat nielegalnej migracji, odpowied\u017a brzmi: zero! Niech was B\u00f3g b\u0142ogos\u0142awi \u2013 zako\u0144czy\u0142 swoje wyst\u0105pienie.<\/p>\n<p style=\"text-align: right\"><em>Na podst. i.PL\u00a0<\/em><\/p>\n","protected":false},"excerpt":{"rendered":"<p>W sobot\u0119 ulice Londynu wype\u0142ni\u0142y t\u0142umy uczestnik\u00f3w wielkiego marszu przeciwko imigracji, zorganizowanego pod has\u0142em \u201eZjednocz Kr\u00f3lestwo\u201d. Inicjatorem wydarzenia by\u0142 kontrowersyjny dzia\u0142acz prawicowy Tommy Robinson, kt\u00f3ry&hellip;<\/p>\n","protected":false},"author":3,"featured_media":3847,"comment_status":"open","ping_status":"open","sticky":false,"template":"","format":"standard","meta":{"footnotes":""},"categories":[15,18],"tags":[],"class_list":["post-3846","post","type-post","status-publish","format-standard","has-post-thumbnail","hentry","category-swiat","category-top-news"],"_links":{"self":[{"href":"https:\/\/radiopoloniawinnipeg.com\/index.php\/wp-json\/wp\/v2\/posts\/3846","targetHints":{"allow":["GET"]}}],"collection":[{"href":"https:\/\/radiopoloniawinnipeg.com\/index.php\/wp-json\/wp\/v2\/posts"}],"about":[{"href":"https:\/\/radiopoloniawinnipeg.com\/index.php\/wp-json\/wp\/v2\/types\/post"}],"author":[{"embeddable":true,"href":"https:\/\/radiopoloniawinnipeg.com\/index.php\/wp-json\/wp\/v2\/users\/3"}],"replies":[{"embeddable":true,"href":"https:\/\/radiopoloniawinnipeg.com\/index.php\/wp-json\/wp\/v2\/comments?post=3846"}],"version-history":[{"count":0,"href":"https:\/\/radiopoloniawinnipeg.com\/index.php\/wp-json\/wp\/v2\/posts\/3846\/revisions"}],"wp:featuredmedia":[{"embeddable":true,"href":"https:\/\/radiopoloniawinnipeg.com\/index.php\/wp-json\/wp\/v2\/media\/3847"}],"wp:attachment":[{"href":"https:\/\/radiopoloniawinnipeg.com\/index.php\/wp-json\/wp\/v2\/media?parent=3846"}],"wp:term":[{"taxonomy":"category","embeddable":true,"href":"https:\/\/radiopoloniawinnipeg.com\/index.php\/wp-json\/wp\/v2\/categories?post=3846"},{"taxonomy":"post_tag","embeddable":true,"href":"https:\/\/radiopoloniawinnipeg.com\/index.php\/wp-json\/wp\/v2\/tags?post=3846"}],"curies":[{"name":"wp","href":"https:\/\/api.w.org\/{rel}","templated":true}]}}