{"id":3848,"date":"2025-09-14T10:30:05","date_gmt":"2025-09-14T14:30:05","guid":{"rendered":"https:\/\/radiopoloniawinnipeg.com\/index.php\/2025\/09\/14\/awaria-terminali-platniczych-problemy-z-platnosciami-w-calej-polsce\/"},"modified":"2025-09-14T10:30:05","modified_gmt":"2025-09-14T14:30:05","slug":"awaria-terminali-platniczych-problemy-z-platnosciami-w-calej-polsce","status":"publish","type":"post","link":"https:\/\/radiopoloniawinnipeg.com\/index.php\/2025\/09\/14\/awaria-terminali-platniczych-problemy-z-platnosciami-w-calej-polsce\/","title":{"rendered":"Awaria terminali p\u0142atniczych. Problemy z p\u0142atno\u015bciami w ca\u0142ej Polsce"},"content":{"rendered":"<p><img decoding=\"async\" loading=\"lazy\" class=\"aligncenter size-custom-full-size wp-image-223101\" src=\"https:\/\/bejsment.com\/wp-content\/uploads\/2025\/09\/aaterminal-636x424.jpg\" alt=\"\" width=\"636\" height=\"424\" \/><\/p>\n<p><strong>W sobot\u0119 po po\u0142udniu klienci najwi\u0119kszych bank\u00f3w w Polsce masowo zg\u0142aszali problemy z p\u0142atno\u015bciami kartami oraz us\u0142ugami mobilnymi. Wiele sklep\u00f3w i hipermarket\u00f3w przyjmowa\u0142o wy\u0142\u0105cznie got\u00f3wk\u0119, poniewa\u017c terminale nie przetwarza\u0142y transakcji.<\/strong><\/p>\n<p>Pierwsze sygna\u0142y o awarii pojawi\u0142y si\u0119 tu\u017c po godzinie 12:00 w serwisie Downdetector. W ci\u0105gu godziny liczba zg\u0142osze\u0144 wzros\u0142a kilkukrotnie.<\/p>\n<h3><strong>Komunikaty eService<\/strong><\/h3>\n<p>Operator p\u0142atno\u015bci bezgot\u00f3wkowych, firma eService, oko\u0142o godziny 14:00 potwierdzi\u0142a wyst\u0105pienie awarii. \u2013 Tu\u017c po zdiagnozowaniu rozpocz\u0119li\u015bmy intensywne prace nad przywr\u00f3ceniem pe\u0142nej sprawno\u015bci systemu. Nasz zesp\u00f3\u0142 techniczny pracuje nad rozwi\u0105zaniem tak szybko, jak to mo\u017cliwe \u2013 poinformowano.<\/p>\n<p>Kilka minut p\u00f3\u017aniej sp\u00f3\u0142ka og\u0142osi\u0142a, \u017ce wszystkie funkcjonalno\u015bci zosta\u0142y przywr\u00f3cone i system dzia\u0142a poprawnie. Jednak w tym samym czasie u\u017cytkownicy nadal zg\u0142aszali problemy, na kt\u00f3re eService odpowiada\u0142, rekomenduj\u0105c ponowienie transakcji.<\/p>\n<h3><strong>Reakcja rz\u0105du<\/strong><\/h3>\n<p>Do sprawy odnie\u015bli si\u0119 przedstawiciele rz\u0105du. Minister finans\u00f3w Andrzej Doma\u0144ski poinformowa\u0142 w mediach spo\u0142eczno\u015bciowych, \u017ce p\u0142atno\u015bci kartami oraz BLIK zosta\u0142y przywr\u00f3cone, a przyczyny awarii b\u0119d\u0105 wyja\u015bnione.<\/p>\n<p>R\u00f3wnie\u017c minister cyfryzacji Krzysztof Gawkowski uspokaja\u0142, \u017ce nie ma sygna\u0142\u00f3w, by awaria by\u0142a efektem cyberataku. \u2013 Obecnie sytuacja wraca do normy. Powody awarii s\u0105 analizowane \u2013 zaznaczy\u0142.<\/p>\n<h3><strong>Normalizacja sytuacji<\/strong><\/h3>\n<p>Ostatecznie oko\u0142o godziny 15:00 eService potwierdzi\u0142o pe\u0142ne usuni\u0119cie usterki i powr\u00f3t systemu do normalnego dzia\u0142ania. Firma przeprosi\u0142a klient\u00f3w za wszelkie niedogodno\u015bci.<\/p>\n<p style=\"text-align: right\"><em>Na podst. i.Pl<\/em><\/p>\n","protected":false},"excerpt":{"rendered":"<p>W sobot\u0119 po po\u0142udniu klienci najwi\u0119kszych bank\u00f3w w Polsce masowo zg\u0142aszali problemy z p\u0142atno\u015bciami kartami oraz us\u0142ugami mobilnymi. Wiele sklep\u00f3w i hipermarket\u00f3w przyjmowa\u0142o wy\u0142\u0105cznie got\u00f3wk\u0119,&hellip;<\/p>\n","protected":false},"author":3,"featured_media":3849,"comment_status":"open","ping_status":"open","sticky":false,"template":"","format":"standard","meta":{"footnotes":""},"categories":[14,18],"tags":[],"class_list":["post-3848","post","type-post","status-publish","format-standard","has-post-thumbnail","hentry","category-polska","category-top-news"],"_links":{"self":[{"href":"https:\/\/radiopoloniawinnipeg.com\/index.php\/wp-json\/wp\/v2\/posts\/3848","targetHints":{"allow":["GET"]}}],"collection":[{"href":"https:\/\/radiopoloniawinnipeg.com\/index.php\/wp-json\/wp\/v2\/posts"}],"about":[{"href":"https:\/\/radiopoloniawinnipeg.com\/index.php\/wp-json\/wp\/v2\/types\/post"}],"author":[{"embeddable":true,"href":"https:\/\/radiopoloniawinnipeg.com\/index.php\/wp-json\/wp\/v2\/users\/3"}],"replies":[{"embeddable":true,"href":"https:\/\/radiopoloniawinnipeg.com\/index.php\/wp-json\/wp\/v2\/comments?post=3848"}],"version-history":[{"count":0,"href":"https:\/\/radiopoloniawinnipeg.com\/index.php\/wp-json\/wp\/v2\/posts\/3848\/revisions"}],"wp:featuredmedia":[{"embeddable":true,"href":"https:\/\/radiopoloniawinnipeg.com\/index.php\/wp-json\/wp\/v2\/media\/3849"}],"wp:attachment":[{"href":"https:\/\/radiopoloniawinnipeg.com\/index.php\/wp-json\/wp\/v2\/media?parent=3848"}],"wp:term":[{"taxonomy":"category","embeddable":true,"href":"https:\/\/radiopoloniawinnipeg.com\/index.php\/wp-json\/wp\/v2\/categories?post=3848"},{"taxonomy":"post_tag","embeddable":true,"href":"https:\/\/radiopoloniawinnipeg.com\/index.php\/wp-json\/wp\/v2\/tags?post=3848"}],"curies":[{"name":"wp","href":"https:\/\/api.w.org\/{rel}","templated":true}]}}