{"id":3862,"date":"2025-09-15T12:15:06","date_gmt":"2025-09-15T16:15:06","guid":{"rendered":"https:\/\/radiopoloniawinnipeg.com\/index.php\/2025\/09\/15\/sztuczna-inteligencja-w-rzadzie-albania-powolala-wirtualna-minister\/"},"modified":"2025-09-15T12:15:06","modified_gmt":"2025-09-15T16:15:06","slug":"sztuczna-inteligencja-w-rzadzie-albania-powolala-wirtualna-minister","status":"publish","type":"post","link":"https:\/\/radiopoloniawinnipeg.com\/index.php\/2025\/09\/15\/sztuczna-inteligencja-w-rzadzie-albania-powolala-wirtualna-minister\/","title":{"rendered":"Sztuczna inteligencja w rz\u0105dzie. Albania powo\u0142a\u0142a wirtualn\u0105 minister"},"content":{"rendered":"<div id=\"attachment_223117\" style=\"width: 646px\" class=\"wp-caption aligncenter\"><img decoding=\"async\" loading=\"lazy\" aria-describedby=\"caption-attachment-223117\" class=\"size-custom-full-size wp-image-223117\" src=\"https:\/\/bejsment.com\/wp-content\/uploads\/2025\/09\/aaministerai-636x358.png\" alt=\"\" width=\"636\" height=\"358\" \/><\/p>\n<p id=\"caption-attachment-223117\" class=\"wp-caption-text\">Diella, wirtualna asystentka stworzona przez sztuczn\u0105 inteligencj\u0119, zostanie pierwszym na \u015bwiecie ministrem<\/p>\n<\/div>\n<p><strong>Albania zapisa\u0142a si\u0119 w historii jako pierwszy kraj, kt\u00f3ry powo\u0142a\u0142 ministra stworzonego przez sztuczn\u0105 inteligencj\u0119. Diella, kt\u00f3rej imi\u0119 oznacza \u201es\u0142o\u0144ce\u201d, zosta\u0142a mianowana przez premiera Ediego Ram\u0119 na stanowisko odpowiedzialne za nadz\u00f3r nad zam\u00f3wieniami publicznymi.<\/strong><\/p>\n<p>Szef rz\u0105du og\u0142osi\u0142 t\u0119 decyzj\u0119 podczas zgromadzenia Partii Socjalistycznej w Tiranie, podkre\u015blaj\u0105c, \u017ce przetargi b\u0119d\u0105 odt\u0105d rozstrzygane poza ministerstwami, co ma zagwarantowa\u0107 pe\u0142n\u0105 przejrzysto\u015b\u0107 i wyeliminowa\u0107 korupcj\u0119.<\/p>\n<p>\u2013 To nie jest science fiction, ale obowi\u0105zek Dielli \u2013 m\u00f3wi\u0142 Rama, zapowiadaj\u0105c stopniowe wdra\u017canie kompetencji wirtualnej minister.<\/p>\n<p>Diella nie jest ca\u0142kowicie now\u0105 postaci\u0105 dla Alba\u0144czyk\u00f3w. Dot\u0105d funkcjonowa\u0142a jako awatar na platformie e-Albania, umo\u017cliwiaj\u0105cej dost\u0119p online do wi\u0119kszo\u015bci us\u0142ug publicznych. Jej wizerunek przedstawia m\u0142od\u0105 kobiet\u0119 w tradycyjnym stroju alba\u0144skim.<\/p>\n<p>Nowa minister AI ma nie tylko ocenia\u0107 i nadzorowa\u0107 przetargi, ale r\u00f3wnie\u017c przyci\u0105ga\u0107 zagraniczne talenty i prze\u0142amywa\u0107 \u2013 jak okre\u015bli\u0142 Rama \u2013 \u201estrach przed uprzedzeniami i sztywno\u015bci\u0105 administracji\u201d.<\/p>\n<p>Korupcja w obszarze zam\u00f3wie\u0144 publicznych od lat jest jednym z najwi\u0119kszych wyzwa\u0144 Albanii. Problem wielokrotnie wskazywa\u0142a tak\u017ce Unia Europejska. Rama, kt\u00f3ry w maju zdoby\u0142 czwarty mandat, wi\u0105\u017ce z projektem Dielli du\u017ce nadzieje, podkre\u015blaj\u0105c, \u017ce mo\u017ce on przyspieszy\u0107 proces integracji z UE, planowanej na 2030 rok.<\/p>\n<p style=\"text-align: right\"><em>Na podst. Polsat News<\/em><\/p>\n","protected":false},"excerpt":{"rendered":"<p>Diella, wirtualna asystentka stworzona przez sztuczn\u0105 inteligencj\u0119, zostanie pierwszym na \u015bwiecie ministrem Albania zapisa\u0142a si\u0119 w historii jako pierwszy kraj, kt\u00f3ry powo\u0142a\u0142 ministra stworzonego przez&hellip;<\/p>\n","protected":false},"author":3,"featured_media":3863,"comment_status":"open","ping_status":"open","sticky":false,"template":"","format":"standard","meta":{"footnotes":""},"categories":[15,18],"tags":[],"class_list":["post-3862","post","type-post","status-publish","format-standard","has-post-thumbnail","hentry","category-swiat","category-top-news"],"_links":{"self":[{"href":"https:\/\/radiopoloniawinnipeg.com\/index.php\/wp-json\/wp\/v2\/posts\/3862","targetHints":{"allow":["GET"]}}],"collection":[{"href":"https:\/\/radiopoloniawinnipeg.com\/index.php\/wp-json\/wp\/v2\/posts"}],"about":[{"href":"https:\/\/radiopoloniawinnipeg.com\/index.php\/wp-json\/wp\/v2\/types\/post"}],"author":[{"embeddable":true,"href":"https:\/\/radiopoloniawinnipeg.com\/index.php\/wp-json\/wp\/v2\/users\/3"}],"replies":[{"embeddable":true,"href":"https:\/\/radiopoloniawinnipeg.com\/index.php\/wp-json\/wp\/v2\/comments?post=3862"}],"version-history":[{"count":0,"href":"https:\/\/radiopoloniawinnipeg.com\/index.php\/wp-json\/wp\/v2\/posts\/3862\/revisions"}],"wp:featuredmedia":[{"embeddable":true,"href":"https:\/\/radiopoloniawinnipeg.com\/index.php\/wp-json\/wp\/v2\/media\/3863"}],"wp:attachment":[{"href":"https:\/\/radiopoloniawinnipeg.com\/index.php\/wp-json\/wp\/v2\/media?parent=3862"}],"wp:term":[{"taxonomy":"category","embeddable":true,"href":"https:\/\/radiopoloniawinnipeg.com\/index.php\/wp-json\/wp\/v2\/categories?post=3862"},{"taxonomy":"post_tag","embeddable":true,"href":"https:\/\/radiopoloniawinnipeg.com\/index.php\/wp-json\/wp\/v2\/tags?post=3862"}],"curies":[{"name":"wp","href":"https:\/\/api.w.org\/{rel}","templated":true}]}}