{"id":3870,"date":"2025-09-15T14:45:06","date_gmt":"2025-09-15T18:45:06","guid":{"rendered":"https:\/\/radiopoloniawinnipeg.com\/index.php\/2025\/09\/15\/brytyjscy-politycy-krytykuja-wypowiedzi-elona-muska-na-antyimigracyjnym-zgromadzeniu\/"},"modified":"2025-09-15T14:45:06","modified_gmt":"2025-09-15T18:45:06","slug":"brytyjscy-politycy-krytykuja-wypowiedzi-elona-muska-na-antyimigracyjnym-zgromadzeniu","status":"publish","type":"post","link":"https:\/\/radiopoloniawinnipeg.com\/index.php\/2025\/09\/15\/brytyjscy-politycy-krytykuja-wypowiedzi-elona-muska-na-antyimigracyjnym-zgromadzeniu\/","title":{"rendered":"Brytyjscy politycy krytykuj\u0105 wypowiedzi Elona Muska na antyimigracyjnym zgromadzeniu"},"content":{"rendered":"<p>Premier Keir Starmer w poniedzia\u0142ek ostro skrytykowa\u0142 &#8220;niebezpieczne&#8221; s\u0142owa Elona Muska, po tym jak w\u0142a\u015bciciel platformy X i Tesli wyst\u0105pi\u0142 na antyimigracyjnym wydarzeniu, twierdz\u0105c, \u017ce Wielk\u0105 Brytani\u0119 czeka przemoc i \u017ce mieszka\u0144cy musz\u0105 &#8220;walczy\u0107 albo zgin\u0105\u0107&#8221;. Mimo sprzeciwu opozycji, rz\u0105d nie planuje \u017cadnych sankcji wobec Muska.<\/p>\n<p>Starmer odni\u00f3s\u0142 si\u0119 tak\u017ce do akt\u00f3w przemocy, jakie mia\u0142y miejsce na sobotnim marszu &#8220;Unite the Kingdom&#8221; w Londynie, organizowanym przez skrajnie prawicowego aktywist\u0119 Tommy\u2019ego Robinsona, kt\u00f3ry zgromadzi\u0142 ponad 100 tys. uczestnik\u00f3w.<\/p>\n<p>Policja poinformowa\u0142a o 26 rannych funkcjonariuszach, z czego czterech powa\u017cnie, po tym jak cz\u0119\u015b\u0107 uczestnik\u00f3w pr\u00f3bowa\u0142a sforsowa\u0107 kordon oddzielaj\u0105cy ich od kontrmanifestacji antyrasistowskiej. Zatrzymano 25 os\u00f3b, a s\u0142u\u017cby zapowiedzia\u0142y dalsze aresztowania.<\/p>\n<p>Musk przem\u00f3wi\u0142 do zgromadzonych przez wideo, wzywaj\u0105c do rozwi\u0105zania parlamentu i rozpisania przedterminowych wybor\u00f3w, by usun\u0105\u0107 centrolewicowy rz\u0105d Starmera. O\u015bwiadczy\u0142: \u201eNadci\u0105ga przemoc\u201d i \u201ealbo b\u0119dziecie si\u0119 broni\u0107, albo zginiecie\u201d.<\/p>\n<p>Rzecznik Starmera, Dave Pares, oceni\u0142, \u017ce takie s\u0142owa nie maj\u0105 poparcia w\u015br\u00f3d Brytyjczyk\u00f3w. \u201eJeste\u015bmy krajem sprawiedliwym i tolerancyjnym, wi\u0119c nikt nie chce pod\u017cegaj\u0105cego j\u0119zyka, kt\u00f3ry grozi zastraszaniem i przemoc\u0105 na ulicach\u201d \u2013 powiedzia\u0142.<\/p>\n<p>Ed Davey, lider Liberalnych Demokrat\u00f3w, zaapelowa\u0142 do Starmera, Kemi Badenoch (szefowej opozycji konserwatywnej) i Nigela Farage\u2019a (lidera Reform UK), aby wsp\u00f3lnie pot\u0119pili wypowiedzi Muska, kt\u00f3re okre\u015bli\u0142 jako &#8220;pr\u00f3b\u0119 siania chaosu i nawo\u0142ywania do przemocy&#8221;, a tak\u017ce ingerencj\u0119 w brytyjsk\u0105 polityk\u0119. Davey wezwa\u0142 te\u017c do zablokowania Tesli dost\u0119pu do zam\u00f3wie\u0144 publicznych.<\/p>\n<p>Rz\u0105d, jak zapewni\u0142 rzecznik Starmera, nie planuje \u017cadnych dzia\u0142a\u0144 prawnych wobec Muska.<\/p>\n<p>Premier podkre\u015bli\u0142 na platformie X, \u017ce pokojowy protest to fundament demokracji, ale przemoc wobec policji i zastraszanie ludzi ze wzgl\u0119du na pochodzenie nie b\u0119d\u0105 tolerowane.<\/p>\n<p>To nie pierwszy raz, gdy Musk \u2013 znany z bliskich relacji z Donaldem Trumpem \u2013 udziela wsparcia osobom i partiom skrajnej prawicy w Europie, takim jak Tommy Robinson (w\u0142a\u015bc. Stephen Yaxley-Lennon) czy niemiecka partia AfD.<\/p>\n<p>Musk krytykuje r\u00f3wnie\u017c brytyjskie i unijne inicjatywy maj\u0105ce na celu ograniczenie szkodliwych tre\u015bci w sieci, twierdz\u0105c, \u017ce s\u0105 to pr\u00f3by cenzury i ograniczania wolno\u015bci s\u0142owa.<\/p>\n<p>Sobotni protest przedstawiano jako marsz w obronie wolno\u015bci s\u0142owa, cho\u0107 wielu m\u00f3wc\u00f3w \u2013 zar\u00f3wno polityk\u00f3w, jak i influencer\u00f3w skrajnej prawicy \u2013 koncentrowa\u0142o si\u0119 na domniemanych zagro\u017ceniach wynikaj\u0105cych z migracji.<\/p>\n<p>Wydarzenie odby\u0142o si\u0119 w kontek\u015bcie nasilaj\u0105cej si\u0119 debaty o nielegalnej migracji, w szczeg\u00f3lno\u015bci zwi\u0105zanej z osobami przeprawiaj\u0105cymi si\u0119 przez kana\u0142 La Manche w ma\u0142ych \u0142odziach. W 2025 roku ju\u017c ponad 30 tys. os\u00f3b podj\u0119\u0142o t\u0119 niebezpieczn\u0105 podr\u00f3\u017c z Francji, mimo stara\u0144 brytyjskich i francuskich s\u0142u\u017cb, by ograniczy\u0107 dzia\u0142alno\u015b\u0107 przemytnik\u00f3w.<\/p>\n<p>Kwestia zakwaterowania azylant\u00f3w w hotelach sta\u0142a si\u0119 przedmiotem ostrej debaty politycznej. Latem w ca\u0142ym kraju mia\u0142o miejsce wiele niewielkich, lecz gwa\u0142townych demonstracji, z kt\u00f3rych niekt\u00f3re ko\u0144czy\u0142y si\u0119 przemoc\u0105.<\/p>\n<p>Wielu uczestnik\u00f3w demonstracji trzyma\u0142o flagi Union Jack lub krzy\u017c \u015bw. Jerzego. W ostatnich tygodniach flagi te pojawi\u0142y si\u0119 na latarniach, mostach i skrzy\u017cowaniach w ca\u0142ym kraju w ramach pozornie spontanicznej akcji. Czerwone krzy\u017ce malowano r\u00f3wnie\u017c na budynkach, co przez cz\u0119\u015b\u0107 spo\u0142ecze\u0144stwa odbierane jest jako forma zastraszania mniejszo\u015bci etnicznych.<\/p>\n<p>Flaga \u015bw. Jerzego ma z\u0142o\u017cone znaczenie \u2013 mo\u017ce by\u0107 symbolem dumy narodowej i kibicowania dru\u017cynom sportowym, ale bywa te\u017c wykorzystywana przez skrajn\u0105 prawic\u0119 i przeciwnik\u00f3w imigracji. By\u0142a szeroko widoczna na tegorocznych protestach antyimigracyjnych, cz\u0119sto organizowanych przez prawicowych aktywist\u00f3w.<\/p>\n<p>\u201eFlagi mog\u0105 jednoczy\u0107 lub dzieli\u0107 \u2013 zale\u017cnie od intencji tych, kt\u00f3rzy je eksponuj\u0105\u201d \u2013 powiedzia\u0142 Sunder Katwala z think tanku British Future, badaj\u0105cego kwestie to\u017csamo\u015bci i integracji.<\/p>\n<p>James Freeman, wyk\u0142adowca historii politycznej na Uniwersytecie w Bristolu, zaznaczy\u0142, \u017ce u\u017cywanie flag do zastraszania lub oznaczania terytorium ma precedensy historyczne, cho\u0107 powi\u0105zanie symboliki \u015bw. Jerzego ze skrajn\u0105 prawic\u0105 jest stosunkowo nowe.<\/p>\n<p>Starmer, kt\u00f3ry popiera u\u017cywanie flag jako wyrazu patriotyzmu, napisa\u0142 na X: \u201eWielka Brytania to kraj oparty na szacunku, tolerancji i r\u00f3\u017cnorodno\u015bci. Nasza flaga symbolizuje to bogactwo i nie pozwolimy, by sta\u0142a si\u0119 narz\u0119dziem strachu, przemocy i podzia\u0142\u00f3w\u201d.<\/p>\n<p>&nbsp;<\/p>\n","protected":false},"excerpt":{"rendered":"<p>Premier Keir Starmer w poniedzia\u0142ek ostro skrytykowa\u0142 &#8220;niebezpieczne&#8221; s\u0142owa Elona Muska, po tym jak w\u0142a\u015bciciel platformy X i Tesli wyst\u0105pi\u0142 na antyimigracyjnym wydarzeniu, twierdz\u0105c, \u017ce&hellip;<\/p>\n","protected":false},"author":3,"featured_media":3871,"comment_status":"open","ping_status":"open","sticky":false,"template":"","format":"standard","meta":{"footnotes":""},"categories":[15,18],"tags":[],"class_list":["post-3870","post","type-post","status-publish","format-standard","has-post-thumbnail","hentry","category-swiat","category-top-news"],"_links":{"self":[{"href":"https:\/\/radiopoloniawinnipeg.com\/index.php\/wp-json\/wp\/v2\/posts\/3870","targetHints":{"allow":["GET"]}}],"collection":[{"href":"https:\/\/radiopoloniawinnipeg.com\/index.php\/wp-json\/wp\/v2\/posts"}],"about":[{"href":"https:\/\/radiopoloniawinnipeg.com\/index.php\/wp-json\/wp\/v2\/types\/post"}],"author":[{"embeddable":true,"href":"https:\/\/radiopoloniawinnipeg.com\/index.php\/wp-json\/wp\/v2\/users\/3"}],"replies":[{"embeddable":true,"href":"https:\/\/radiopoloniawinnipeg.com\/index.php\/wp-json\/wp\/v2\/comments?post=3870"}],"version-history":[{"count":0,"href":"https:\/\/radiopoloniawinnipeg.com\/index.php\/wp-json\/wp\/v2\/posts\/3870\/revisions"}],"wp:featuredmedia":[{"embeddable":true,"href":"https:\/\/radiopoloniawinnipeg.com\/index.php\/wp-json\/wp\/v2\/media\/3871"}],"wp:attachment":[{"href":"https:\/\/radiopoloniawinnipeg.com\/index.php\/wp-json\/wp\/v2\/media?parent=3870"}],"wp:term":[{"taxonomy":"category","embeddable":true,"href":"https:\/\/radiopoloniawinnipeg.com\/index.php\/wp-json\/wp\/v2\/categories?post=3870"},{"taxonomy":"post_tag","embeddable":true,"href":"https:\/\/radiopoloniawinnipeg.com\/index.php\/wp-json\/wp\/v2\/tags?post=3870"}],"curies":[{"name":"wp","href":"https:\/\/api.w.org\/{rel}","templated":true}]}}