{"id":3880,"date":"2025-09-15T20:30:06","date_gmt":"2025-09-16T00:30:06","guid":{"rendered":"https:\/\/radiopoloniawinnipeg.com\/index.php\/2025\/09\/15\/rosja-prezy-muskuly-wystrzelila-hipersoniczny-pocisk-cyrkon\/"},"modified":"2025-09-15T20:30:06","modified_gmt":"2025-09-16T00:30:06","slug":"rosja-prezy-muskuly-wystrzelila-hipersoniczny-pocisk-cyrkon","status":"publish","type":"post","link":"https:\/\/radiopoloniawinnipeg.com\/index.php\/2025\/09\/15\/rosja-prezy-muskuly-wystrzelila-hipersoniczny-pocisk-cyrkon\/","title":{"rendered":"Rosja pr\u0119\u017cy musku\u0142y. Wystrzeli\u0142a hipersoniczny pocisk \u201eCyrkon\u201d"},"content":{"rendered":"<p><img decoding=\"async\" loading=\"lazy\" class=\"aligncenter size-custom-full-size wp-image-223189\" src=\"https:\/\/bejsment.com\/wp-content\/uploads\/2025\/09\/aacyrkon2-636x413.jpg\" alt=\"\" width=\"636\" height=\"413\" \/><\/p>\n<p><strong>Rosja przeprowadzi\u0142a test pocisku hipersonicznego \u201eCyrkon\u201d w trakcie rosyjsko-bia\u0142oruskich manewr\u00f3w wojskowych Zapad-2025. Jak poinformowa\u0142o ministerstwo obrony w Moskwie, rakieta zosta\u0142a odpalona z fregaty \u201eAdmira\u0142 Go\u0142owko\u201d Floty P\u00f3\u0142nocnej i trafi\u0142a w wyznaczony cel na Morzu Barentsa. W namierzaniu pomaga\u0142 morski samolot rozpoznawczy dalekiego zasi\u0119gu Tu-142.<\/strong><\/p>\n<p>\u201eCyrkon\u201d uchodzi za jedn\u0105 z najnowocze\u015bniejszych rosyjskich broni. Wed\u0142ug deklaracji Kremla pocisk osi\u0105ga pr\u0119dko\u015b\u0107 nawet Mach 8\u20139 (ok. 9\u201311 tys. km\/h) i mo\u017ce razi\u0107 cele oddalone o 1000 km, omijaj\u0105c systemy obrony przeciwrakietowej. Mo\u017ce by\u0107 odpalany z okr\u0119t\u00f3w nawodnych i podwodnych. Zachodni eksperci zastrzegaj\u0105 jednak, \u017ce rosyjskie informacje mog\u0105 by\u0107 przesadzone i nie zosta\u0142y niezale\u017cnie zweryfikowane.<\/p>\n<div id=\"attachment_223188\" style=\"width: 646px\" class=\"wp-caption aligncenter\"><img decoding=\"async\" loading=\"lazy\" aria-describedby=\"caption-attachment-223188\" class=\"size-custom-full-size wp-image-223188\" src=\"https:\/\/bejsment.com\/wp-content\/uploads\/2025\/09\/aaputin2-636x358.jpg\" alt=\"\" width=\"636\" height=\"358\" \/><\/p>\n<p id=\"caption-attachment-223188\" class=\"wp-caption-text\">Prezydent Rosji W\u0142adimir Putin i szef rosyjskiego Sztabu Generalnego gen. Walerij Gierasimow<\/p>\n<\/div>\n<p>\u0106wiczenia Zapad-2025 rozpocz\u0119\u0142y si\u0119 12 wrze\u015bnia i potrwaj\u0105 do 16 wrze\u015bnia. Wed\u0142ug litewskiego ministerstwa obrony, bierze w nich udzia\u0142 oko\u0142o 30 tys. rosyjskich i bia\u0142oruskich \u017co\u0142nierzy. Manewry obejmuj\u0105 terytorium Bia\u0142orusi, Obwodu Kr\u00f3lewieckiego, Arktyki oraz zachodnich obwod\u00f3w Rosji.<\/p>\n<p>Pa\u0144stwa ba\u0142tyckie i Polska wyra\u017caj\u0105 obawy, \u017ce Moskwa wykorzysta manewry do testowania gotowo\u015bci bojowej NATO.<\/p>\n<p>\u2013 Nie spodziewamy si\u0119 bezpo\u015bredniego zagro\u017cenia, ale ryzyko prowokacji zawsze istnieje \u2013 powiedzia\u0142 prezydent Litwy Gitanas Naus\u0117da.<\/p>\n<p>Z kolei \u0142otewski minister obrony Andris Spruds podkre\u015bli\u0142, \u017ce manewry s\u0105 nie tylko demonstracj\u0105 si\u0142y militarnej, lecz tak\u017ce \u201ekampani\u0105 informacyjn\u0105 maj\u0105c\u0105 os\u0142abi\u0107 poczucie bezpiecze\u0144stwa obywateli\u201d.<\/p>\n<p style=\"text-align: right\"><em>Na podst. i.Pl<\/em><\/p>\n","protected":false},"excerpt":{"rendered":"<p>Rosja przeprowadzi\u0142a test pocisku hipersonicznego \u201eCyrkon\u201d w trakcie rosyjsko-bia\u0142oruskich manewr\u00f3w wojskowych Zapad-2025. Jak poinformowa\u0142o ministerstwo obrony w Moskwie, rakieta zosta\u0142a odpalona z fregaty \u201eAdmira\u0142 Go\u0142owko\u201d&hellip;<\/p>\n","protected":false},"author":3,"featured_media":3881,"comment_status":"open","ping_status":"open","sticky":false,"template":"","format":"standard","meta":{"footnotes":""},"categories":[15,18],"tags":[],"class_list":["post-3880","post","type-post","status-publish","format-standard","has-post-thumbnail","hentry","category-swiat","category-top-news"],"_links":{"self":[{"href":"https:\/\/radiopoloniawinnipeg.com\/index.php\/wp-json\/wp\/v2\/posts\/3880","targetHints":{"allow":["GET"]}}],"collection":[{"href":"https:\/\/radiopoloniawinnipeg.com\/index.php\/wp-json\/wp\/v2\/posts"}],"about":[{"href":"https:\/\/radiopoloniawinnipeg.com\/index.php\/wp-json\/wp\/v2\/types\/post"}],"author":[{"embeddable":true,"href":"https:\/\/radiopoloniawinnipeg.com\/index.php\/wp-json\/wp\/v2\/users\/3"}],"replies":[{"embeddable":true,"href":"https:\/\/radiopoloniawinnipeg.com\/index.php\/wp-json\/wp\/v2\/comments?post=3880"}],"version-history":[{"count":0,"href":"https:\/\/radiopoloniawinnipeg.com\/index.php\/wp-json\/wp\/v2\/posts\/3880\/revisions"}],"wp:featuredmedia":[{"embeddable":true,"href":"https:\/\/radiopoloniawinnipeg.com\/index.php\/wp-json\/wp\/v2\/media\/3881"}],"wp:attachment":[{"href":"https:\/\/radiopoloniawinnipeg.com\/index.php\/wp-json\/wp\/v2\/media?parent=3880"}],"wp:term":[{"taxonomy":"category","embeddable":true,"href":"https:\/\/radiopoloniawinnipeg.com\/index.php\/wp-json\/wp\/v2\/categories?post=3880"},{"taxonomy":"post_tag","embeddable":true,"href":"https:\/\/radiopoloniawinnipeg.com\/index.php\/wp-json\/wp\/v2\/tags?post=3880"}],"curies":[{"name":"wp","href":"https:\/\/api.w.org\/{rel}","templated":true}]}}