{"id":3894,"date":"2025-09-16T16:30:06","date_gmt":"2025-09-16T20:30:06","guid":{"rendered":"https:\/\/radiopoloniawinnipeg.com\/index.php\/2025\/09\/16\/wypuszczony-na-wolnosc-powrocil-na-bialorus-trafil-z-powrotem-do-kolonii-karnej\/"},"modified":"2025-09-16T16:30:06","modified_gmt":"2025-09-16T20:30:06","slug":"wypuszczony-na-wolnosc-powrocil-na-bialorus-trafil-z-powrotem-do-kolonii-karnej","status":"publish","type":"post","link":"https:\/\/radiopoloniawinnipeg.com\/index.php\/2025\/09\/16\/wypuszczony-na-wolnosc-powrocil-na-bialorus-trafil-z-powrotem-do-kolonii-karnej\/","title":{"rendered":"Wypuszczony na wolno\u015b\u0107 powr\u00f3ci\u0142 na Bia\u0142oru\u015b. Trafi\u0142 z powrotem do kolonii karnej"},"content":{"rendered":"<p><img decoding=\"async\" loading=\"lazy\" class=\"aligncenter size-custom-full-size wp-image-223329\" src=\"https:\/\/bejsment.com\/wp-content\/uploads\/2025\/09\/aastatkiewicz-636x358.jpg\" alt=\"\" width=\"636\" height=\"358\" \/><\/p>\n<p><strong>Dysydent Miko\u0142a Statkiewicz, jeden z 52 wi\u0119\u017ani\u00f3w wypuszczonych w ubieg\u0142ym tygodniu przez re\u017cim Aleksandra \u0141ukaszenki, ponownie znalaz\u0142 si\u0119 za kratami. Jak informuje opozycyjny portal <em>Nasza Niwa<\/em>, zosta\u0142 osadzony w kolonii karnej w G\u0142\u0119bokiem, gdzie ju\u017c wcze\u015bniej odbywa\u0142 wyrok za dzia\u0142alno\u015b\u0107 opozycyjn\u0105.<\/strong><\/p>\n<p>Statkiewicz to jedna z czo\u0142owych postaci bia\u0142oruskiej opozycji. By\u0142y lider socjaldemokrat\u00f3w, dwukrotny kandydat na prezydenta, od lat prze\u015bladowany przez re\u017cim, ostatni raz skazany w 2021 roku. Cho\u0107 po negocjacjach z udzia\u0142em USA \u0141ukaszenka zgodzi\u0142 si\u0119 wypu\u015bci\u0107 52 wi\u0119\u017ani\u00f3w, w tym trzech Polak\u00f3w, na wolno\u015b\u0107 nie wyszed\u0142 polsko-bia\u0142oruski dziennikarz Andrzej Poczobut.<\/p>\n<p>Wed\u0142ug relacji Denisa Kuczynskiego, doradcy Swiat\u0142any Cichanouskiej, Statkiewicz podczas transportu do litewskiej granicy wybieg\u0142 z autobusu i pobieg\u0142 z powrotem na terytorium Bia\u0142orusi. Tam mia\u0142 zosta\u0107 zatrzymany i wywieziony przez zamaskowanych ludzi.<\/p>\n<p>Obecnie Statkiewicz przebywa w kolonii karnej w G\u0142\u0119bokiem, w p\u00f3\u0142nocno-wschodniej Bia\u0142orusi. \u2013 <em>Wzywamy spo\u0142eczno\u015b\u0107 mi\u0119dzynarodow\u0105 o \u017c\u0105danie jego uwolnienia<\/em> \u2013 napisa\u0142a na portalu X Swiat\u0142ana Cichanouska.<\/p>\n<p><em>Na podst. Polsat News<\/em><\/p>\n","protected":false},"excerpt":{"rendered":"<p>Dysydent Miko\u0142a Statkiewicz, jeden z 52 wi\u0119\u017ani\u00f3w wypuszczonych w ubieg\u0142ym tygodniu przez re\u017cim Aleksandra \u0141ukaszenki, ponownie znalaz\u0142 si\u0119 za kratami. Jak informuje opozycyjny portal Nasza&hellip;<\/p>\n","protected":false},"author":3,"featured_media":3895,"comment_status":"open","ping_status":"open","sticky":false,"template":"","format":"standard","meta":{"footnotes":""},"categories":[15,18],"tags":[],"class_list":["post-3894","post","type-post","status-publish","format-standard","has-post-thumbnail","hentry","category-swiat","category-top-news"],"_links":{"self":[{"href":"https:\/\/radiopoloniawinnipeg.com\/index.php\/wp-json\/wp\/v2\/posts\/3894","targetHints":{"allow":["GET"]}}],"collection":[{"href":"https:\/\/radiopoloniawinnipeg.com\/index.php\/wp-json\/wp\/v2\/posts"}],"about":[{"href":"https:\/\/radiopoloniawinnipeg.com\/index.php\/wp-json\/wp\/v2\/types\/post"}],"author":[{"embeddable":true,"href":"https:\/\/radiopoloniawinnipeg.com\/index.php\/wp-json\/wp\/v2\/users\/3"}],"replies":[{"embeddable":true,"href":"https:\/\/radiopoloniawinnipeg.com\/index.php\/wp-json\/wp\/v2\/comments?post=3894"}],"version-history":[{"count":0,"href":"https:\/\/radiopoloniawinnipeg.com\/index.php\/wp-json\/wp\/v2\/posts\/3894\/revisions"}],"wp:featuredmedia":[{"embeddable":true,"href":"https:\/\/radiopoloniawinnipeg.com\/index.php\/wp-json\/wp\/v2\/media\/3895"}],"wp:attachment":[{"href":"https:\/\/radiopoloniawinnipeg.com\/index.php\/wp-json\/wp\/v2\/media?parent=3894"}],"wp:term":[{"taxonomy":"category","embeddable":true,"href":"https:\/\/radiopoloniawinnipeg.com\/index.php\/wp-json\/wp\/v2\/categories?post=3894"},{"taxonomy":"post_tag","embeddable":true,"href":"https:\/\/radiopoloniawinnipeg.com\/index.php\/wp-json\/wp\/v2\/tags?post=3894"}],"curies":[{"name":"wp","href":"https:\/\/api.w.org\/{rel}","templated":true}]}}