{"id":3896,"date":"2025-09-16T17:00:17","date_gmt":"2025-09-16T21:00:17","guid":{"rendered":"https:\/\/radiopoloniawinnipeg.com\/index.php\/2025\/09\/16\/prokuratorzy-chca-kary-smierci-w-sprawie-zabojstwa-charliego-kirka\/"},"modified":"2025-09-16T17:00:17","modified_gmt":"2025-09-16T21:00:17","slug":"prokuratorzy-chca-kary-smierci-w-sprawie-zabojstwa-charliego-kirka","status":"publish","type":"post","link":"https:\/\/radiopoloniawinnipeg.com\/index.php\/2025\/09\/16\/prokuratorzy-chca-kary-smierci-w-sprawie-zabojstwa-charliego-kirka\/","title":{"rendered":"Prokuratorzy chc\u0105 kary \u015bmierci w sprawie zab\u00f3jstwa Charliego Kirka"},"content":{"rendered":"<p>M\u0119\u017cczyzna podejrzany o zamordowanie konserwatywnego aktywisty Charliego Kirka na uczelni w Utah zosta\u0142 we wtorek oskar\u017cony o wiele przest\u0119pstw, w tym o zab\u00f3jstwo ze szczeg\u00f3lnym okrucie\u0144stwem.<\/p>\n<p>\u015aledczy zapowiedzieli, \u017ce b\u0119d\u0105 domaga\u0107 si\u0119 najwy\u017cszego wymiaru kary dla 22-letniego Tylera Robinsona, je\u015bli s\u0105d uzna go winnym morderstwa Kirka, kt\u00f3re mia\u0142o miejsce w minionym tygodniu na Utah Valley University.<\/p>\n<p>Robinson, lat 22, us\u0142ysza\u0142 r\u00f3wnie\u017c zarzuty dotycz\u0105ce u\u017cycia broni palnej, utrudniania wymiaru sprawiedliwo\u015bci, wp\u0142ywania na \u015bwiadk\u00f3w oraz pope\u0142nienia aktu przemocy w obecno\u015bci os\u00f3b niepe\u0142noletnich. Ten ostatni punkt dotyczy sytuacji, gdy Kirk zosta\u0142 zastrzelony podczas wydarzenia, w kt\u00f3rym uczestniczy\u0142y dzieci.<\/p>\n<p>Prokurator okr\u0119gowy hrabstwa Utah Jeff Gray wyja\u015bni\u0142, \u017ce decyzja o ubieganiu si\u0119 o kar\u0119 \u015bmierci wynika wy\u0142\u0105cznie z dost\u0119pnych dowod\u00f3w oraz natury pope\u0142nionego czynu.<br \/>\n\u201eTo nie by\u0142a pochopna decyzja. Podj\u0105\u0142em j\u0105 samodzielnie jako prokurator okr\u0119gowy\u201d \u2013 podkre\u015bli\u0142 Gray podczas konferencji prasowej, og\u0142aszaj\u0105c akt oskar\u017cenia.<\/p>\n<p>31-letni Kirk zosta\u0142 \u015bmiertelnie postrzelony w \u015brod\u0119, kiedy rozmawia\u0142 ze studentami na kampusie w Orem, oddalonym oko\u0142o 64 kilometry od Salt Lake City. Wed\u0142ug prokuratury Robinson strzeli\u0142 do niego z karabinu powtarzalnego z dachu pobliskiego budynku, trafiaj\u0105c w szyj\u0119.<\/p>\n<p>We wtorek po po\u0142udniu Robinson mia\u0142 pojawi\u0107 si\u0119 na rozprawie online. Nie by\u0142o jednak jasne, czy posiada\u0142 prawnika.<\/p>\n<p>Prokurator doda\u0142, \u017ce oskar\u017cony przebywa w areszcie bez mo\u017cliwo\u015bci wp\u0142acenia kaucji. Odm\u00f3wi\u0142 te\u017c odpowiedzi na pytanie, czy konsultowa\u0142 si\u0119 z wdow\u0105 po Kirku w sprawie kary \u015bmierci.<\/p>\n<p>Kirk, znacz\u0105ca posta\u0107 w \u015brodowisku konserwatywnym, w 2012 roku wsp\u00f3\u0142tworzy\u0142 organizacj\u0119 Turning Point USA, kt\u00f3ra szybko sta\u0142a si\u0119 jedn\u0105 z najwi\u0119kszych struktur politycznych w kraju. Zyska\u0142 te\u017c zaufanie Donalda Trumpa, wprowadzaj\u0105c do \u017cycia publicznego m\u0142odych chrze\u015bcijan ewangelicznych. Jego tragiczna \u015bmier\u0107 wzbudzi\u0142a obawy o nasilaj\u0105c\u0105 si\u0119 przemoc polityczn\u0105 w USA.<\/p>\n<p>Robinson zosta\u0142 zatrzymany w czwartek wieczorem w pobli\u017cu St. George, miasteczka w po\u0142udniowym Utah, gdzie dorasta\u0142.<\/p>\n<p>\u015aledczy przes\u0142uchali cz\u0142onk\u00f3w jego rodziny i przeszukali dom rodzinny w hrabstwie Washington, po\u0142o\u017conym 390 km na po\u0142udniowy zach\u00f3d od miejsca strzelaniny.<\/p>\n<p>Cho\u0107 w\u0142adze twierdz\u0105, \u017ce Robinson odmawia wsp\u00f3\u0142pracy, jego bliscy udzielaj\u0105 informacji. Gubernator Utah Spencer Cox powiedzia\u0142, \u017ce znajomi podejrzanego zauwa\u017cyli u niego w ostatnich latach radykaln\u0105 zmian\u0119 pogl\u0105d\u00f3w politycznych w stron\u0119 lewicy i cz\u0119ste korzystanie z \u201emrocznych zak\u0105tk\u00f3w internetu\u201d.<\/p>\n<p>Jak doda\u0142 gubernator, \u015bledczy wci\u0105\u017c ustalaj\u0105 motyw ataku, a wi\u0119cej fakt\u00f3w mo\u017ce pojawi\u0107 si\u0119 podczas pierwszej rozprawy s\u0105dowej.<\/p>\n<p>Zab\u00f3jstwo Kirka zmusi\u0142o Amerykan\u00f3w do zmierzenia si\u0119 z pytaniami o narastaj\u0105c\u0105 przemoc polityczn\u0105, podzia\u0142y dziel\u0105ce spo\u0142ecze\u0144stwo i mo\u017cliwo\u015bci ich przezwyci\u0119\u017cenia.<\/p>\n<p>Mimo apeli o wi\u0119kszy szacunek w debacie, cz\u0119\u015b\u0107 krytyk\u00f3w nadal ostro ocenia\u0142a wypowiedzi Kirka o kwestiach rasowych, p\u0142ciowych i politycznych nawet po jego \u015bmierci. Z kolei republikanie rozpocz\u0119li dzia\u0142ania przeciw osobom, kt\u00f3re ich zdaniem go obra\u017ca\u0142y, co skutkowa\u0142o m.in. utrat\u0105 pracy w sektorze publicznym i prywatnym oraz innymi konsekwencjami zawodowymi.<\/p>\n","protected":false},"excerpt":{"rendered":"<p>M\u0119\u017cczyzna podejrzany o zamordowanie konserwatywnego aktywisty Charliego Kirka na uczelni w Utah zosta\u0142 we wtorek oskar\u017cony o wiele przest\u0119pstw, w tym o zab\u00f3jstwo ze szczeg\u00f3lnym&hellip;<\/p>\n","protected":false},"author":3,"featured_media":3897,"comment_status":"open","ping_status":"open","sticky":false,"template":"","format":"standard","meta":{"footnotes":""},"categories":[15,18],"tags":[],"class_list":["post-3896","post","type-post","status-publish","format-standard","has-post-thumbnail","hentry","category-swiat","category-top-news"],"_links":{"self":[{"href":"https:\/\/radiopoloniawinnipeg.com\/index.php\/wp-json\/wp\/v2\/posts\/3896","targetHints":{"allow":["GET"]}}],"collection":[{"href":"https:\/\/radiopoloniawinnipeg.com\/index.php\/wp-json\/wp\/v2\/posts"}],"about":[{"href":"https:\/\/radiopoloniawinnipeg.com\/index.php\/wp-json\/wp\/v2\/types\/post"}],"author":[{"embeddable":true,"href":"https:\/\/radiopoloniawinnipeg.com\/index.php\/wp-json\/wp\/v2\/users\/3"}],"replies":[{"embeddable":true,"href":"https:\/\/radiopoloniawinnipeg.com\/index.php\/wp-json\/wp\/v2\/comments?post=3896"}],"version-history":[{"count":0,"href":"https:\/\/radiopoloniawinnipeg.com\/index.php\/wp-json\/wp\/v2\/posts\/3896\/revisions"}],"wp:featuredmedia":[{"embeddable":true,"href":"https:\/\/radiopoloniawinnipeg.com\/index.php\/wp-json\/wp\/v2\/media\/3897"}],"wp:attachment":[{"href":"https:\/\/radiopoloniawinnipeg.com\/index.php\/wp-json\/wp\/v2\/media?parent=3896"}],"wp:term":[{"taxonomy":"category","embeddable":true,"href":"https:\/\/radiopoloniawinnipeg.com\/index.php\/wp-json\/wp\/v2\/categories?post=3896"},{"taxonomy":"post_tag","embeddable":true,"href":"https:\/\/radiopoloniawinnipeg.com\/index.php\/wp-json\/wp\/v2\/tags?post=3896"}],"curies":[{"name":"wp","href":"https:\/\/api.w.org\/{rel}","templated":true}]}}