{"id":3898,"date":"2025-09-16T18:30:09","date_gmt":"2025-09-16T22:30:09","guid":{"rendered":"https:\/\/radiopoloniawinnipeg.com\/index.php\/2025\/09\/16\/nawrocki-w-niemczech-reparacje-i-pamiec-w-centrum-rozmow\/"},"modified":"2025-09-16T18:30:09","modified_gmt":"2025-09-16T22:30:09","slug":"nawrocki-w-niemczech-reparacje-i-pamiec-w-centrum-rozmow","status":"publish","type":"post","link":"https:\/\/radiopoloniawinnipeg.com\/index.php\/2025\/09\/16\/nawrocki-w-niemczech-reparacje-i-pamiec-w-centrum-rozmow\/","title":{"rendered":"Nawrocki w Niemczech. Reparacje i pami\u0119\u0107 w centrum rozm\u00f3w"},"content":{"rendered":"<p><img decoding=\"async\" loading=\"lazy\" class=\"aligncenter size-custom-full-size wp-image-223323\" src=\"https:\/\/bejsment.com\/wp-content\/uploads\/2025\/09\/aanawrockisteimeier2-636x478.jpg\" alt=\"\" width=\"636\" height=\"478\" \/><\/p>\n<p><strong>Prezydent Karol Nawrocki z\u0142o\u017cy\u0142 we wtorek wizyt\u0119 w Berlinie, gdzie spotka\u0142 si\u0119 z prezydentem Niemiec Frankiem-Walterem Steinmeierem. Podczas rozm\u00f3w poruszy\u0142 temat reparacji wojennych.<\/strong><\/p>\n<p>\u2013 Odnosz\u0105c si\u0119 do \u017c\u0105dania reparacji przez Prezydenta RP, prezydent Steinmeier podkre\u015bli\u0142, \u017ce z perspektywy Niemiec kwestia ta zosta\u0142a prawnie uregulowana. Jednak promowanie upami\u0119tnienia i pami\u0119ci pozostaje wsp\u00f3ln\u0105 trosk\u0105 \u2013 przekaza\u0142a rzeczniczka Steinmeiera Cerstin Gammelin.<\/p>\n<p>Rzeczniczka poinformowa\u0142a tak\u017ce, \u017ce Nawrocki zaprosi\u0142 niemieckiego prezydenta do Warszawy, a Steinmeier przyj\u0105\u0142 to zaproszenie.<\/p>\n<p>Prezydentowi RP w Berlinie towarzyszyli m.in. szef Biura Polityki Mi\u0119dzynarodowej Marcin Przydacz oraz wiceminister spraw zagranicznych Teofil Bartoszewski.<\/p>\n<p>Stolica Niemiec by\u0142a kolejnym przystankiem w zagranicznej podr\u00f3\u017cy Nawrockiego po Waszyngtonie, Rzymie, Wilnie i Helsinkach. Nast\u0119pnie uda si\u0119 do Pary\u017ca, gdzie spotka si\u0119 z Emmanuelem Macronem. Rozmowy maj\u0105 dotyczy\u0107 m.in. umowy handlowej UE z pa\u0144stwami Mercosuru (Argentyna, Brazylia, Paragwaj, Urugwaj), kt\u00f3rej obaj prezydenci si\u0119 sprzeciwiaj\u0105.<\/p>\n<p>Szef Kancelarii Prezydenta Zbigniew Bogucki podkre\u015bli\u0142, \u017ce Nawrocki zamierza namawia\u0107 Macrona do budowania w Unii Europejskiej mniejszo\u015bci zdolnej zablokowa\u0107 t\u0119 umow\u0119.<\/p>\n<p style=\"text-align: right\"><em>Na podst. Polsat News<\/em><\/p>\n","protected":false},"excerpt":{"rendered":"<p>Prezydent Karol Nawrocki z\u0142o\u017cy\u0142 we wtorek wizyt\u0119 w Berlinie, gdzie spotka\u0142 si\u0119 z prezydentem Niemiec Frankiem-Walterem Steinmeierem. Podczas rozm\u00f3w poruszy\u0142 temat reparacji wojennych. \u2013 Odnosz\u0105c&hellip;<\/p>\n","protected":false},"author":3,"featured_media":3899,"comment_status":"open","ping_status":"open","sticky":false,"template":"","format":"standard","meta":{"footnotes":""},"categories":[15,18],"tags":[],"class_list":["post-3898","post","type-post","status-publish","format-standard","has-post-thumbnail","hentry","category-swiat","category-top-news"],"_links":{"self":[{"href":"https:\/\/radiopoloniawinnipeg.com\/index.php\/wp-json\/wp\/v2\/posts\/3898","targetHints":{"allow":["GET"]}}],"collection":[{"href":"https:\/\/radiopoloniawinnipeg.com\/index.php\/wp-json\/wp\/v2\/posts"}],"about":[{"href":"https:\/\/radiopoloniawinnipeg.com\/index.php\/wp-json\/wp\/v2\/types\/post"}],"author":[{"embeddable":true,"href":"https:\/\/radiopoloniawinnipeg.com\/index.php\/wp-json\/wp\/v2\/users\/3"}],"replies":[{"embeddable":true,"href":"https:\/\/radiopoloniawinnipeg.com\/index.php\/wp-json\/wp\/v2\/comments?post=3898"}],"version-history":[{"count":0,"href":"https:\/\/radiopoloniawinnipeg.com\/index.php\/wp-json\/wp\/v2\/posts\/3898\/revisions"}],"wp:featuredmedia":[{"embeddable":true,"href":"https:\/\/radiopoloniawinnipeg.com\/index.php\/wp-json\/wp\/v2\/media\/3899"}],"wp:attachment":[{"href":"https:\/\/radiopoloniawinnipeg.com\/index.php\/wp-json\/wp\/v2\/media?parent=3898"}],"wp:term":[{"taxonomy":"category","embeddable":true,"href":"https:\/\/radiopoloniawinnipeg.com\/index.php\/wp-json\/wp\/v2\/categories?post=3898"},{"taxonomy":"post_tag","embeddable":true,"href":"https:\/\/radiopoloniawinnipeg.com\/index.php\/wp-json\/wp\/v2\/tags?post=3898"}],"curies":[{"name":"wp","href":"https:\/\/api.w.org\/{rel}","templated":true}]}}