{"id":3906,"date":"2025-09-17T08:30:09","date_gmt":"2025-09-17T12:30:09","guid":{"rendered":"https:\/\/radiopoloniawinnipeg.com\/index.php\/2025\/09\/17\/nawrocki-spotkal-sie-z-macronem-wiele-tematow-nas-laczy\/"},"modified":"2025-09-17T08:30:09","modified_gmt":"2025-09-17T12:30:09","slug":"nawrocki-spotkal-sie-z-macronem-wiele-tematow-nas-laczy","status":"publish","type":"post","link":"https:\/\/radiopoloniawinnipeg.com\/index.php\/2025\/09\/17\/nawrocki-spotkal-sie-z-macronem-wiele-tematow-nas-laczy\/","title":{"rendered":"Nawrocki spotka\u0142 si\u0119 z Macronem. \u201eWiele temat\u00f3w nas \u0142\u0105czy&#8221;"},"content":{"rendered":"<p><img decoding=\"async\" loading=\"lazy\" class=\"aligncenter size-custom-full-size wp-image-223381\" src=\"https:\/\/bejsment.com\/wp-content\/uploads\/2025\/09\/aanawrockimakron-636x477.jpg\" alt=\"\" width=\"636\" height=\"477\" \/><\/p>\n<p><strong>Prezydent Karol Nawrocki spotka\u0142 si\u0119 we wtorek po po\u0142udniu w Pa\u0142acu Elizejskim z prezydentem Francji Emmanuelem Macronem. Jak poinformowa\u0142a Kancelaria Prezydenta, rozmowa dotyczy\u0142a bezpiecze\u0144stwa, sytuacji na wschodniej flance NATO, relacji dwustronnych \u2013 w tym traktatu z Nancy \u2013 oraz polityki w ramach Unii Europejskiej.<\/strong><\/p>\n<p>\u2013 Wi\u0119kszo\u015b\u0107 dzisiejszych dyskusji z\u00a0moimi trzema rozm\u00f3wcami dotyczy\u0142a kwestii bezpiecze\u0144stwa. Rozmawiali\u015bmy tak\u017ce o\u00a0naszej wsp\u00f3\u0142pracy, r\u00f3wnie\u017c w\u00a0kontek\u015bcie wydarze\u0144 10 wrze\u015bnia. Z\u00a0prezydentem i\u00a0kanclerzem Niemiec rozmawiali\u015bmy tak\u017ce o\u00a0naszej wsp\u00f3\u0142pracy handlowej, o\u00a0formacie europejskim i\u00a0Sojuszu. Powiedzia\u0142em tak\u017ce o\u00a0reparacjach, kt\u00f3rych jestem zwolennikiem. Sugerowa\u0142em, \u017ce\u00a0mogliby\u015bmy zmierza\u0107 w\u00a0kierunku sfinansowania zdolno\u015bci militarnych. To\u00a0przyczyni\u0142oby si\u0119 do\u00a0wzmocnienia bezpiecze\u0144stwa naszego i\u00a0wschodniej flanki. Odnosz\u0119 wra\u017cenie, \u017ce\u00a0je\u015bli w\u00a0Polsce nast\u0105pi\u0142aby synergia polityczna w\u00a0sprawie reparacji, to\u00a0by\u0142yby one mo\u017cliwe do\u00a0osi\u0105gni\u0119cia. Po\u00a0tych rozmowach uwa\u017cam, \u017ce\u00a0Polacy powinni m\u00f3wi\u0107 jednym g\u0142osem \u2013\u00a0powiedzia\u0142 prezydent podczas briefingu po\u00a0spotkaniu w\u00a0Pa\u0142acu Elizejskim.<\/p>\n<p>W rozmowie z Macronem poruszono r\u00f3wnie\u017c kwesti\u0119 traktatu z Nancy oraz planowanej umowy handlowej UE z krajami Mercosur.<\/p>\n<p>\u2013 Najwi\u0119cej czasu po\u015bwi\u0119cili\u015bmy w\u0142a\u015bnie kwestii tej umowy \u2013 zaznaczy\u0142 Nawrocki.<\/p>\n<p>Prezydent RP dzi\u0119kowa\u0142 te\u017c partnerom z Francji i Niemiec za reakcj\u0119 po wydarzeniach z 10 wrze\u015bnia, podkre\u015blaj\u0105c, \u017ce pozwoli\u0142a ona \u201emie\u0107 wra\u017cenie, \u017ce NATO dzia\u0142a i funkcjonuje\u201d.<\/p>\n<p style=\"text-align: right\"><em>Na podst. i.Pl<\/em><\/p>\n","protected":false},"excerpt":{"rendered":"<p>Prezydent Karol Nawrocki spotka\u0142 si\u0119 we wtorek po po\u0142udniu w Pa\u0142acu Elizejskim z prezydentem Francji Emmanuelem Macronem. Jak poinformowa\u0142a Kancelaria Prezydenta, rozmowa dotyczy\u0142a bezpiecze\u0144stwa, sytuacji&hellip;<\/p>\n","protected":false},"author":3,"featured_media":3907,"comment_status":"open","ping_status":"open","sticky":false,"template":"","format":"standard","meta":{"footnotes":""},"categories":[15,18],"tags":[],"class_list":["post-3906","post","type-post","status-publish","format-standard","has-post-thumbnail","hentry","category-swiat","category-top-news"],"_links":{"self":[{"href":"https:\/\/radiopoloniawinnipeg.com\/index.php\/wp-json\/wp\/v2\/posts\/3906","targetHints":{"allow":["GET"]}}],"collection":[{"href":"https:\/\/radiopoloniawinnipeg.com\/index.php\/wp-json\/wp\/v2\/posts"}],"about":[{"href":"https:\/\/radiopoloniawinnipeg.com\/index.php\/wp-json\/wp\/v2\/types\/post"}],"author":[{"embeddable":true,"href":"https:\/\/radiopoloniawinnipeg.com\/index.php\/wp-json\/wp\/v2\/users\/3"}],"replies":[{"embeddable":true,"href":"https:\/\/radiopoloniawinnipeg.com\/index.php\/wp-json\/wp\/v2\/comments?post=3906"}],"version-history":[{"count":0,"href":"https:\/\/radiopoloniawinnipeg.com\/index.php\/wp-json\/wp\/v2\/posts\/3906\/revisions"}],"wp:featuredmedia":[{"embeddable":true,"href":"https:\/\/radiopoloniawinnipeg.com\/index.php\/wp-json\/wp\/v2\/media\/3907"}],"wp:attachment":[{"href":"https:\/\/radiopoloniawinnipeg.com\/index.php\/wp-json\/wp\/v2\/media?parent=3906"}],"wp:term":[{"taxonomy":"category","embeddable":true,"href":"https:\/\/radiopoloniawinnipeg.com\/index.php\/wp-json\/wp\/v2\/categories?post=3906"},{"taxonomy":"post_tag","embeddable":true,"href":"https:\/\/radiopoloniawinnipeg.com\/index.php\/wp-json\/wp\/v2\/tags?post=3906"}],"curies":[{"name":"wp","href":"https:\/\/api.w.org\/{rel}","templated":true}]}}