{"id":3910,"date":"2025-09-17T12:15:07","date_gmt":"2025-09-17T16:15:07","guid":{"rendered":"https:\/\/radiopoloniawinnipeg.com\/index.php\/2025\/09\/17\/trump-sklada-pozew-przeciwko-nyt-zada-15-miliardow-dolarow\/"},"modified":"2025-09-17T12:15:07","modified_gmt":"2025-09-17T16:15:07","slug":"trump-sklada-pozew-przeciwko-nyt-zada-15-miliardow-dolarow","status":"publish","type":"post","link":"https:\/\/radiopoloniawinnipeg.com\/index.php\/2025\/09\/17\/trump-sklada-pozew-przeciwko-nyt-zada-15-miliardow-dolarow\/","title":{"rendered":"Trump sk\u0142ada pozew przeciwko \u201eNYT&#8221;.  \u017b\u0105da 15 miliard\u00f3w dolar\u00f3w"},"content":{"rendered":"<p><img decoding=\"async\" loading=\"lazy\" class=\"aligncenter size-custom-full-size wp-image-223334\" src=\"https:\/\/bejsment.com\/wp-content\/uploads\/2025\/09\/aanyt-636x478.jpg\" alt=\"\" width=\"636\" height=\"478\" \/><\/p>\n<p><strong>Prezydent USA Donald Trump zapowiedzia\u0142, \u017ce\u00a0z\u0142o\u017cy pozew przeciwko dziennikowi \u201eNew York Times&#8221; na\u00a0kwot\u0119 15 mld dolar\u00f3w za\u00a0\u201eznies\u0142awienie i\u00a0oszczerstwo&#8221;. W\u00a0tle jest sprawa Jeffreya Epsteina.<\/strong><\/p>\n<p>\u201eDzi\u015b mam wielki zaszczyt wnie\u015b\u0107 pozew o\u00a0znies\u0142awienie i\u00a0oszczerstwo na\u00a0kwot\u0119 15 miliard\u00f3w dolar\u00f3w przeciwko The\u00a0New York Times&#8221; \u2013\u00a0poinformowa\u0142 Trump na\u00a0swojej platformie spo\u0142eczno\u015bciowej Truth.<\/p>\n<p>Wed\u0142ug niego, \u201eNYT&#8221; to\u00a0jedna z\u00a0\u201enajgorszych i\u00a0najbardziej zdegenerowanych gazet w\u00a0historii&#8221; USA, kt\u00f3ra \u201esta\u0142a si\u0119 niemal \u00abtub\u0105\u00bb (propagandow\u0105 \u2013\u00a0red.) radykalnej lewicy Partii Demokratycznej&#8221;. \u201eUwa\u017cam to\u00a0za najwi\u0119ksz\u0105 nielegaln\u0105 wp\u0142at\u0119 na\u00a0kampani\u0119 wyborcz\u0105 (Kamali Harris \u2013\u00a0red.) w\u00a0historii&#8221; \u2013\u00a0doda\u0142.<\/p>\n<p>\u201eThe New York Times od\u00a0dziesi\u0119cioleci stosuje metod\u0119 k\u0142amstw na\u00a0temat twojego ulubionego prezydenta (MNIE!), mojej rodziny, firmy, Ruchu America First, MAGA i\u00a0ca\u0142ego naszego narodu. Jestem DUMNY, \u017ce\u00a0mog\u0119 poci\u0105gn\u0105\u0107 do\u00a0odpowiedzialno\u015bci ten niegdy\u015b szanowany szmat\u0142awiec&#8221; \u2013\u00a0napisa\u0142 Trump.<\/p>\n<p>\u201eThe New York Times m\u00f3g\u0142 swobodnie k\u0142ama\u0107, oczernia\u0107 i\u00a0znies\u0142awia\u0107 mnie o\u00a0wiele za\u00a0d\u0142ugo i\u00a0to si\u0119 sko\u0144czy, TERAZ!&#8221; \u2013\u00a0zapowiedzia\u0142. Doda\u0142, \u017ce\u00a0pozew zostanie z\u0142o\u017cony na\u00a0Florydzie.<\/p>\n<p>Agencja Reutera zwraca uwag\u0119, \u017ce\u00a0Trump og\u0142osi\u0142 swoj\u0105 decyzj\u0119 kilka dni po\u00a0tym, jak gazeta opublikowa\u0142a artyku\u0142y na\u00a0temat jego powi\u0105za\u0144 ze\u00a0skompromitowanym miliarderem pedofilem Jeffreyem Epsteinem. Doniesienia \u201eNYT&#8221; dotyczy\u0142y\u00a0kartki i\u00a0rysunku o\u00a0charakterze seksualnym\u00a0rzekomo przekazanej przez Trumpa Epsteinowi w\u00a02003\u00a0r. z\u00a0okazji jego 50. urodzin.<\/p>\n<p><img decoding=\"async\" loading=\"lazy\" class=\"aligncenter size-custom-full-size wp-image-223333\" src=\"https:\/\/bejsment.com\/wp-content\/uploads\/2025\/09\/aaepstein-636x477.jpeg\" alt=\"\" width=\"636\" height=\"477\" \/><\/p>\n<p>Na kartce widoczny jest kontur przypominaj\u0105cy kszta\u0142t nagiej kobiety z\u00a0domniemanym podpisem Trumpa. W\u00a0\u015brodku konturu wpisany jest tajemniczy i\u00a0wieloznaczny tekst dialogu Trumpa i\u00a0Epsteina. Bia\u0142y Dom o\u015bwiadczy\u0142, \u017ce\u00a0widniej\u0105cy na\u00a0niej podpis nie\u00a0nale\u017cy do\u00a0prezydenta.<\/p>\n<p>O kartce informowa\u0142 wcze\u015bniej dziennik \u201eWall Street Journal&#8221;. Trump zaprzeczy\u0142, \u017ce\u00a0jest jej autorem i\u00a0za\u017c\u0105da\u0142 od\u00a0\u201eWSJ&#8221; 10 mld dolar\u00f3w odszkodowania.<\/p>\n","protected":false},"excerpt":{"rendered":"<p>Prezydent USA Donald Trump zapowiedzia\u0142, \u017ce\u00a0z\u0142o\u017cy pozew przeciwko dziennikowi \u201eNew York Times&#8221; na\u00a0kwot\u0119 15 mld dolar\u00f3w za\u00a0\u201eznies\u0142awienie i\u00a0oszczerstwo&#8221;. W\u00a0tle jest sprawa Jeffreya Epsteina. \u201eDzi\u015b mam&hellip;<\/p>\n","protected":false},"author":3,"featured_media":3911,"comment_status":"open","ping_status":"open","sticky":false,"template":"","format":"standard","meta":{"footnotes":""},"categories":[15,18],"tags":[],"class_list":["post-3910","post","type-post","status-publish","format-standard","has-post-thumbnail","hentry","category-swiat","category-top-news"],"_links":{"self":[{"href":"https:\/\/radiopoloniawinnipeg.com\/index.php\/wp-json\/wp\/v2\/posts\/3910","targetHints":{"allow":["GET"]}}],"collection":[{"href":"https:\/\/radiopoloniawinnipeg.com\/index.php\/wp-json\/wp\/v2\/posts"}],"about":[{"href":"https:\/\/radiopoloniawinnipeg.com\/index.php\/wp-json\/wp\/v2\/types\/post"}],"author":[{"embeddable":true,"href":"https:\/\/radiopoloniawinnipeg.com\/index.php\/wp-json\/wp\/v2\/users\/3"}],"replies":[{"embeddable":true,"href":"https:\/\/radiopoloniawinnipeg.com\/index.php\/wp-json\/wp\/v2\/comments?post=3910"}],"version-history":[{"count":0,"href":"https:\/\/radiopoloniawinnipeg.com\/index.php\/wp-json\/wp\/v2\/posts\/3910\/revisions"}],"wp:featuredmedia":[{"embeddable":true,"href":"https:\/\/radiopoloniawinnipeg.com\/index.php\/wp-json\/wp\/v2\/media\/3911"}],"wp:attachment":[{"href":"https:\/\/radiopoloniawinnipeg.com\/index.php\/wp-json\/wp\/v2\/media?parent=3910"}],"wp:term":[{"taxonomy":"category","embeddable":true,"href":"https:\/\/radiopoloniawinnipeg.com\/index.php\/wp-json\/wp\/v2\/categories?post=3910"},{"taxonomy":"post_tag","embeddable":true,"href":"https:\/\/radiopoloniawinnipeg.com\/index.php\/wp-json\/wp\/v2\/tags?post=3910"}],"curies":[{"name":"wp","href":"https:\/\/api.w.org\/{rel}","templated":true}]}}