{"id":3926,"date":"2025-09-18T01:00:15","date_gmt":"2025-09-18T05:00:15","guid":{"rendered":"https:\/\/radiopoloniawinnipeg.com\/index.php\/2025\/09\/18\/paczki-z-bombami-w-samolotach-trop-wiedzie-do-rosji\/"},"modified":"2025-09-18T01:00:15","modified_gmt":"2025-09-18T05:00:15","slug":"paczki-z-bombami-w-samolotach-trop-wiedzie-do-rosji","status":"publish","type":"post","link":"https:\/\/radiopoloniawinnipeg.com\/index.php\/2025\/09\/18\/paczki-z-bombami-w-samolotach-trop-wiedzie-do-rosji\/","title":{"rendered":"Paczki z bombami w samolotach. Trop wiedzie do Rosji"},"content":{"rendered":"<p><img decoding=\"async\" loading=\"lazy\" class=\"aligncenter size-custom-full-size wp-image-223506\" src=\"https:\/\/bejsment.com\/wp-content\/uploads\/2025\/09\/aapaczki-636x358.jpg\" alt=\"\" width=\"636\" height=\"358\" \/><\/p>\n<p><strong>Litewska Prokuratura Generalna poinformowa\u0142a o rozbiciu grupy odpowiedzialnej za seri\u0119 zamach\u00f3w bombowych z lipca ubieg\u0142ego roku. \u015aledczy ustalili, \u017ce za przygotowaniem i koordynacj\u0105 przesy\u0142ek z \u0142adunkami wybuchowymi stali obywatele Rosji powi\u0105zani z tamtejszym wywiadem wojskowym.<\/strong><\/p>\n<p>19 lipca 2024 roku 52-letni mieszkaniec Litwy nada\u0142 cztery paczki w Wilnie, korzystaj\u0105c z us\u0142ug firm DHL i DPD. Dwie przesy\u0142ki mia\u0142y trafi\u0107 do Wielkiej Brytanii samolotem, a dwie kolejne \u2013 samochodem ci\u0119\u017carowym do Polski.<\/p>\n<p>20 lipca jedna z paczek eksplodowa\u0142a na lotnisku w Lipsku tu\u017c przed za\u0142adunkiem do samolotu lec\u0105cego do Wielkiej Brytanii. Dzie\u0144 p\u00f3\u017aniej kolejna zapali\u0142a si\u0119 na naczepie ci\u0119\u017car\u00f3wki w Polsce. 22 lipca trzecia wybuch\u0142a w magazynie DHL w Birmingham, a czwarta \u2013 r\u00f3wnie\u017c przewo\u017cona przez Polsk\u0119 \u2013 nie zadzia\u0142a\u0142a z powodu awarii mechanizmu inicjuj\u0105cego.<\/p>\n<p>Wed\u0142ug litewskich s\u0142u\u017cb, \u0142\u0105cznie ustalono 15 os\u00f3b zaanga\u017cowanych w proceder, w tym obywateli Rosji, Litwy, \u0141otwy, Estonii i Ukrainy. Trzem z nich wystawiono mi\u0119dzynarodowe nakazy aresztowania. Jak podaje prokuratura, ci sami koordynatorzy mieli sta\u0107 tak\u017ce za podpaleniem centrum handlowego w Wilnie.<\/p>\n<p>Rekrutacja odbywa\u0142a si\u0119 za po\u015brednictwem aplikacji Telegram, a osoby werbowane otrzymywa\u0142y wynagrodzenie w kryptowalutach.<\/p>\n<p>W \u015bledztwo zaanga\u017cowane s\u0105 s\u0142u\u017cby Litwy, Polski, Wielkiej Brytanii, Niemiec, Holandii, \u0141otwy, Estonii, Stan\u00f3w Zjednoczonych i Kanady.<\/p>\n<p style=\"text-align: right\"><em>Na podst. Polsat News<\/em><\/p>\n","protected":false},"excerpt":{"rendered":"<p>Litewska Prokuratura Generalna poinformowa\u0142a o rozbiciu grupy odpowiedzialnej za seri\u0119 zamach\u00f3w bombowych z lipca ubieg\u0142ego roku. \u015aledczy ustalili, \u017ce za przygotowaniem i koordynacj\u0105 przesy\u0142ek z&hellip;<\/p>\n","protected":false},"author":3,"featured_media":3927,"comment_status":"open","ping_status":"open","sticky":false,"template":"","format":"standard","meta":{"footnotes":""},"categories":[15,18],"tags":[],"class_list":["post-3926","post","type-post","status-publish","format-standard","has-post-thumbnail","hentry","category-swiat","category-top-news"],"_links":{"self":[{"href":"https:\/\/radiopoloniawinnipeg.com\/index.php\/wp-json\/wp\/v2\/posts\/3926","targetHints":{"allow":["GET"]}}],"collection":[{"href":"https:\/\/radiopoloniawinnipeg.com\/index.php\/wp-json\/wp\/v2\/posts"}],"about":[{"href":"https:\/\/radiopoloniawinnipeg.com\/index.php\/wp-json\/wp\/v2\/types\/post"}],"author":[{"embeddable":true,"href":"https:\/\/radiopoloniawinnipeg.com\/index.php\/wp-json\/wp\/v2\/users\/3"}],"replies":[{"embeddable":true,"href":"https:\/\/radiopoloniawinnipeg.com\/index.php\/wp-json\/wp\/v2\/comments?post=3926"}],"version-history":[{"count":0,"href":"https:\/\/radiopoloniawinnipeg.com\/index.php\/wp-json\/wp\/v2\/posts\/3926\/revisions"}],"wp:featuredmedia":[{"embeddable":true,"href":"https:\/\/radiopoloniawinnipeg.com\/index.php\/wp-json\/wp\/v2\/media\/3927"}],"wp:attachment":[{"href":"https:\/\/radiopoloniawinnipeg.com\/index.php\/wp-json\/wp\/v2\/media?parent=3926"}],"wp:term":[{"taxonomy":"category","embeddable":true,"href":"https:\/\/radiopoloniawinnipeg.com\/index.php\/wp-json\/wp\/v2\/categories?post=3926"},{"taxonomy":"post_tag","embeddable":true,"href":"https:\/\/radiopoloniawinnipeg.com\/index.php\/wp-json\/wp\/v2\/tags?post=3926"}],"curies":[{"name":"wp","href":"https:\/\/api.w.org\/{rel}","templated":true}]}}