{"id":3930,"date":"2025-09-18T08:30:12","date_gmt":"2025-09-18T12:30:12","guid":{"rendered":"https:\/\/radiopoloniawinnipeg.com\/index.php\/2025\/09\/18\/nawrocki-zaproponowal-niemcom-uklad\/"},"modified":"2025-09-18T08:30:12","modified_gmt":"2025-09-18T12:30:12","slug":"nawrocki-zaproponowal-niemcom-uklad","status":"publish","type":"post","link":"https:\/\/radiopoloniawinnipeg.com\/index.php\/2025\/09\/18\/nawrocki-zaproponowal-niemcom-uklad\/","title":{"rendered":"Nawrocki zaproponowa\u0142 Niemcom uk\u0142ad"},"content":{"rendered":"<p><img decoding=\"async\" loading=\"lazy\" class=\"aligncenter size-custom-full-size wp-image-223482\" src=\"https:\/\/bejsment.com\/wp-content\/uploads\/2025\/09\/aanawrockimertz-636x358.jpg\" alt=\"\" width=\"636\" height=\"358\" \/><\/p>\n<p><strong>Podczas wtorkowej wizyty w Berlinie prezydent Karol Nawrocki rozmawia\u0142 z prezydentem Niemiec Frankiem-Walterem Steinmeierem i kanclerzem Friedrichem Merzem. Jak poda\u0142 \u201eDer Spiegel\u201d, polski przyw\u00f3dca mia\u0142 przedstawi\u0107 niemieckim w\u0142adzom propozycj\u0119, by wyp\u0142ata reparacji wojennych na rzecz Polski zosta\u0142a powi\u0105zana z wzmocnieniem wschodniej flanki NATO.<\/strong><\/p>\n<p>Wed\u0142ug niemieckich dziennikarzy takie zestawienie wywo\u0142a\u0142o zdziwienie rozm\u00f3wc\u00f3w, poniewa\u017c kwestie reparacji i bezpiecze\u0144stwa militarnego nie s\u0105 ze sob\u0105 bezpo\u015brednio zwi\u0105zane. Steinmeier mia\u0142 podkre\u015bli\u0107 ten brak powi\u0105zania tak\u017ce podczas rozm\u00f3w z polskim prezydentem.<\/p>\n<p>Nawrocki broni\u0142 swojego stanowiska, wskazuj\u0105c, \u017ce \u015brodki z reparacji mog\u0142yby zosta\u0107 przeznaczone na rozw\u00f3j polskiego przemys\u0142u zbrojeniowego. \u2013 Jestem zwolennikiem wyp\u0142acenia przez Niemcy Polsce reparacji. Sugerowa\u0142em, \u017ce z jednej strony Niemcy mog\u0142yby zacz\u0105\u0107 je sp\u0142aca\u0107, buduj\u0105c si\u0142\u0119 polskiego wojska, a z drugiej wzmacnia\u0107 wschodni\u0105 flank\u0119 NATO \u2013 powiedzia\u0142 po spotkaniu.<\/p>\n<p>Kwestia reparacji pojawia si\u0119 w polskiej polityce od lat. Raport z 2022 roku oszacowa\u0142 straty poniesione przez Polsk\u0119 w wyniku okupacji niemieckiej na ponad 6 bilion\u00f3w z\u0142otych. W 2023 roku rz\u0105d Mateusza Morawieckiego przyj\u0105\u0142 uchwa\u0142\u0119 wzywaj\u0105c\u0105 Niemcy do uregulowania sprawy reparacji i odszkodowa\u0144. Niemcy konsekwentnie podkre\u015blaj\u0105 jednak, \u017ce temat zosta\u0142 prawnie zamkni\u0119ty.<\/p>\n<p>W lutym 2024 roku premier Donald Tusk w Berlinie przyzna\u0142, \u017ce formalnie i prawnie kwestia reparacji jest rozstrzygni\u0119ta, ale moralnie i finansowo nadal pozostaje otwarta.<\/p>\n<p style=\"text-align: right\"><em>Na podst. i.Pl<\/em><\/p>\n","protected":false},"excerpt":{"rendered":"<p>Podczas wtorkowej wizyty w Berlinie prezydent Karol Nawrocki rozmawia\u0142 z prezydentem Niemiec Frankiem-Walterem Steinmeierem i kanclerzem Friedrichem Merzem. Jak poda\u0142 \u201eDer Spiegel\u201d, polski przyw\u00f3dca mia\u0142&hellip;<\/p>\n","protected":false},"author":3,"featured_media":3931,"comment_status":"open","ping_status":"open","sticky":false,"template":"","format":"standard","meta":{"footnotes":""},"categories":[15,18],"tags":[],"class_list":["post-3930","post","type-post","status-publish","format-standard","has-post-thumbnail","hentry","category-swiat","category-top-news"],"_links":{"self":[{"href":"https:\/\/radiopoloniawinnipeg.com\/index.php\/wp-json\/wp\/v2\/posts\/3930","targetHints":{"allow":["GET"]}}],"collection":[{"href":"https:\/\/radiopoloniawinnipeg.com\/index.php\/wp-json\/wp\/v2\/posts"}],"about":[{"href":"https:\/\/radiopoloniawinnipeg.com\/index.php\/wp-json\/wp\/v2\/types\/post"}],"author":[{"embeddable":true,"href":"https:\/\/radiopoloniawinnipeg.com\/index.php\/wp-json\/wp\/v2\/users\/3"}],"replies":[{"embeddable":true,"href":"https:\/\/radiopoloniawinnipeg.com\/index.php\/wp-json\/wp\/v2\/comments?post=3930"}],"version-history":[{"count":0,"href":"https:\/\/radiopoloniawinnipeg.com\/index.php\/wp-json\/wp\/v2\/posts\/3930\/revisions"}],"wp:featuredmedia":[{"embeddable":true,"href":"https:\/\/radiopoloniawinnipeg.com\/index.php\/wp-json\/wp\/v2\/media\/3931"}],"wp:attachment":[{"href":"https:\/\/radiopoloniawinnipeg.com\/index.php\/wp-json\/wp\/v2\/media?parent=3930"}],"wp:term":[{"taxonomy":"category","embeddable":true,"href":"https:\/\/radiopoloniawinnipeg.com\/index.php\/wp-json\/wp\/v2\/categories?post=3930"},{"taxonomy":"post_tag","embeddable":true,"href":"https:\/\/radiopoloniawinnipeg.com\/index.php\/wp-json\/wp\/v2\/tags?post=3930"}],"curies":[{"name":"wp","href":"https:\/\/api.w.org\/{rel}","templated":true}]}}