{"id":3936,"date":"2025-09-18T14:30:10","date_gmt":"2025-09-18T18:30:10","guid":{"rendered":"https:\/\/radiopoloniawinnipeg.com\/index.php\/2025\/09\/18\/abc-wstrzymuje-emisje-jimmy-kimmel-live-po-kontrowersyjnych-komentarzach-prowadzacego-na-temat-zabojstwa-charliego-kirka\/"},"modified":"2025-09-18T14:30:10","modified_gmt":"2025-09-18T18:30:10","slug":"abc-wstrzymuje-emisje-jimmy-kimmel-live-po-kontrowersyjnych-komentarzach-prowadzacego-na-temat-zabojstwa-charliego-kirka","status":"publish","type":"post","link":"https:\/\/radiopoloniawinnipeg.com\/index.php\/2025\/09\/18\/abc-wstrzymuje-emisje-jimmy-kimmel-live-po-kontrowersyjnych-komentarzach-prowadzacego-na-temat-zabojstwa-charliego-kirka\/","title":{"rendered":"ABC wstrzymuje emisj\u0119 \u201eJimmy Kimmel Live!\u201d po kontrowersyjnych komentarzach prowadz\u0105cego na temat zab\u00f3jstwa Charliego Kirka"},"content":{"rendered":"<p>&nbsp;<\/p>\n<p>Stacja ABC, nale\u017c\u0105ca do korporacji Walt Disney, og\u0142osi\u0142a w \u015brod\u0119 zawieszenie emisji talk-show \u201eJimmy Kimmel Live!\u201d na czas nieokre\u015blony. Decyzja ta zosta\u0142a podj\u0119ta po ostrej reakcji przewodnicz\u0105cego Federalnej Komisji \u0141\u0105czno\u015bci (FCC) na s\u0142owa gospodarza programu, kt\u00f3re pad\u0142y po \u015bmierci Charliego Kirka.<\/p>\n<p>Ten ruch nast\u0105pi\u0142 po tym, jak prezydent Donald Trump ponowi\u0142 wezwania do wstrzymania emisji materia\u0142\u00f3w, kt\u00f3re uznaje za niew\u0142a\u015bciwe, oraz wezwa\u0142 FCC do cofni\u0119cia licencji nadawcom.<br \/>\n\u201eProgram Jimmy Kimmel Live nie b\u0119dzie ju\u017c dost\u0119pny w ofercie programowej\u201d \u2013 przekaza\u0142 rzecznik ABC, nie ujawniaj\u0105c dalszych informacji.<\/p>\n<p>Jimmy Kimmel, kt\u00f3rego obecna umowa wygasa w maju 2026 roku, nie wyda\u0142 jeszcze oficjalnego o\u015bwiadczenia w tej sprawie.<br \/>\nW Kanadzie prawa do emisji programu posiada stacja Citytv, nale\u017c\u0105ca do Rogers Communications.<\/p>\n<p>Widzowie, kt\u00f3rzy zjawili si\u0119 przed studiem, gdzie realizowano program, byli zaskoczeni, gdy dowiedzieli si\u0119 o odwo\u0142aniu \u015brodowego nagrania.<br \/>\n\u201eCo dziwne, przerwano wszystko tu\u017c przed wpuszczeniem publiczno\u015bci do \u015brodka\u201d \u2013 powiedzia\u0142 Associated Press Tommy Williams, widz z Jacksonville na Florydzie.<br \/>\n\u201eNikt nam nic nie wyja\u015bni\u0142. Po prostu og\u0142oszono, \u017ce odcinek si\u0119 nie odb\u0119dzie\u201d.<\/p>\n<p>Aktorka i komiczka Wanda Sykes, kt\u00f3ra mia\u0142a pojawi\u0107 si\u0119 w tym odcinku, zamie\u015bci\u0142a na Instagramie nagranie, w kt\u00f3rym komentuje zaistnia\u0142\u0105 sytuacj\u0119.<br \/>\n\u201eJestem ju\u017c w pe\u0142nym makija\u017cu, bo planowa\u0142am dzi\u015b pojawi\u0107 si\u0119 u Jimmy\u2019ego\u201d \u2013 m\u00f3wi\u0142a. \u201eAle jak pewnie s\u0142yszeli\u015bcie, emisja jego programu zosta\u0142a wstrzymana z powodu nacisk\u00f3w administracji Trumpa\u201d.<\/p>\n<p>Nexstar Media Group, okre\u015blaj\u0105ca si\u0119 jako najwi\u0119ksza sie\u0107 lokalnych stacji telewizyjnych w USA, poinformowa\u0142a wcze\u015bniej, \u017ce wycofuje program Kimmela z anteny na 32 swoich kana\u0142ach powi\u0105zanych z ABC, uzasadniaj\u0105c to jego wypowiedziami.<br \/>\n\u201eKomentarze pana Kimmela dotycz\u0105ce \u015bmierci pana Kirka by\u0142y niestosowne i niestosowne, szczeg\u00f3lnie w czasie zaostrzonej debaty publicznej\u201d \u2013 powiedzia\u0142 Andrew Alford, prezes nadawczy Nexstar.<\/p>\n<p>Z kolei Sinclair Broadcast Group, w\u0142a\u015bciciel oko\u0142o 40 stacji ABC w ca\u0142ym kraju, zapowiedzia\u0142, \u017ce w czasie pasma dotychczas zarezerwowanego dla Kimmela, w pi\u0105tek zostanie wyemitowany materia\u0142 po\u015bwi\u0119cony pami\u0119ci Kirka. Firma zaapelowa\u0142a r\u00f3wnie\u017c do prowadz\u0105cego o przekazanie darowizny na rzecz organizacji Turning Point USA, podkre\u015blaj\u0105c, \u017ce nie planuje przywraca\u0107 programu, dop\u00f3ki nie zostan\u0105 spe\u0142nione okre\u015blone standardy.<\/p>\n<p>\u201eBez wzgl\u0119du na to, co ABC zamierza zrobi\u0107 z programem w przysz\u0142o\u015bci, Sinclair nie wznowi emisji Jimmy Kimmel Live!, dop\u00f3ki nie zostaniemy przekonani, \u017ce wprowadzono stosowne zmiany, kt\u00f3re zagwarantuj\u0105 wysoki poziom tre\u015bci\u201d \u2013 og\u0142oszono.<\/p>\n<p>Donald Trump pochwali\u0142 decyzj\u0119 ABC we wpisie opublikowanym na swojej platformie Truth Social.<br \/>\n\u201eBrawo dla ABC za odwag\u0119, by wreszcie post\u0105pi\u0107 s\u0142usznie\u201d \u2013 napisa\u0142 prezydent. \u201eKimmel to kompletny brak talentu, a jego ogl\u0105dalno\u015b\u0107 jest jeszcze gorsza ni\u017c Colberta, je\u015bli to w og\u00f3le mo\u017cliwe\u201d.<\/p>\n<p>Trump wezwa\u0142 r\u00f3wnie\u017c do zdj\u0119cia z anteny Jimmy\u2019ego Fallona i Setha Meyersa, kt\u00f3rych programy s\u0105 nadawane przez NBC.<br \/>\n\u201eZostali tylko Jimmy i Seth \u2013 dwaj absolutni przegrani z Fake News NBC\u201d \u2013 doda\u0142. \u201eIch wyniki ogl\u0105dalno\u015bci te\u017c s\u0105 dramatyczne. Ruszcie si\u0119, NBC!\u201d<\/p>\n<p>W sierpniu Nexstar og\u0142osi\u0142 plan przej\u0119cia konkurencyjnego nadawcy Tegna w ramach transakcji wartej 6,2 miliarda dolar\u00f3w. Umowa wymaga jeszcze zgody FCC.<\/p>\n<p>W jednym z niedawnych monolog\u00f3w Kimmel stwierdzi\u0142, \u017ce \u201eStany Zjednoczone osi\u0105gn\u0119\u0142y nowe dno\u201d, odnosz\u0105c si\u0119 do pr\u00f3b przedstawiania zab\u00f3jcy Kirka jako osoby spoza \u015brodowiska MAGA i wykorzystywania tragedii do cel\u00f3w politycznych.<br \/>\nKrytykowa\u0142 tak\u017ce Trumpa za jego spos\u00f3b \u017ca\u0142oby po \u015bmierci Kirka, pokazuj\u0105c nagranie z prezydentem na trawniku Bia\u0142ego Domu.<br \/>\n\u201eMi\u0119dzy oskar\u017ceniami a wsp\u00f3\u0142czuciem znalaz\u0142o si\u0119 miejsce na dziwn\u0105 form\u0119 \u017calu. Flagi opuszczono do po\u0142owy masztu, co nie wszystkim si\u0119 spodoba\u0142o, ale wida\u0107 by\u0142o, jak ci\u0119\u017cko Trump to prze\u017cywa\u201d \u2013 m\u00f3wi\u0142 Kimmel, po czym zaprezentowa\u0142 fragment, w kt\u00f3rym prezydent \u017cartuje o remoncie.<br \/>\n\u201eTak \u017cegna si\u0119 czterolatek z martw\u0105 rybk\u0105\u201d \u2013 podsumowa\u0142.<\/p>\n<p>Jimmy Kimmel nie odpowiedzia\u0142 na pro\u015bby agencji Reuters o komentarz. Cz\u0119\u015b\u0107 polityk\u00f3w i jego wsp\u00f3\u0142pracownik\u00f3w wyrazi\u0142a sprzeciw wobec decyzji o zawieszeniu programu.<\/p>\n<p>\u201eAmeryka powinna by\u0107 bastionem wolno\u015bci s\u0142owa\u201d \u2013 napisa\u0142 senator Chuck Schumer na portalu X. \u201eNiezale\u017cnie od pogl\u0105d\u00f3w, wszyscy powinni sprzeciwi\u0107 si\u0119 temu, co spotyka Kimmela\u201d.<\/p>\n<p>Writers Guild of America West zadeklarowa\u0142o poparcie dla prowadz\u0105cego i jego zespo\u0142u scenarzyst\u00f3w.<br \/>\n\u201ePrawo do wyra\u017cania pogl\u0105d\u00f3w \u2013 tak\u017ce kontrowersyjnych \u2013 jest fundamentem naszej wolno\u015bci. Nie mo\u017cemy z niego rezygnowa\u0107\u201d \u2013 o\u015bwiadczy\u0142 zwi\u0105zek zawodowy.<\/p>\n<p>Zwi\u0105zek SAG-AFTRA, reprezentuj\u0105cy aktor\u00f3w, uzna\u0142 decyzj\u0119 ABC za form\u0119 represji i zagro\u017cenie dla swobody wypowiedzi.<br \/>\nGubernator Kalifornii Gavin Newsom, bez podawania nazwisk, oskar\u017cy\u0142 Republikan\u00f3w o podwa\u017canie wolno\u015bci s\u0142owa.<br \/>\n\u201eTo, co robicie \u2013 zwalnianie komentator\u00f3w i anulowanie program\u00f3w \u2013 to cenzura\u201d \u2013 napisa\u0142 na X.<\/p>\n<p>Tego samego dnia przewodnicz\u0105cy FCC Brendan Carr zaapelowa\u0142 do lokalnych nadawc\u00f3w o usuni\u0119cie programu z ram\u00f3wki. W rozmowie z konserwatywnym podcasterem Bennym Johnsonem zasugerowa\u0142, \u017ce FCC mo\u017ce rozwa\u017cy\u0107 grzywny lub odebranie licencji, je\u015bli podobne przypadki b\u0119d\u0105 si\u0119 powtarza\u0107.<\/p>\n<p>\u201eTo kluczowa sprawa dla Disneya. Mog\u0105 rozwi\u0105za\u0107 j\u0105 szybko lub w trudny spos\u00f3b\u201d \u2013 powiedzia\u0142 Carr.<br \/>\n\u201eStacje musz\u0105 zdecydowanie odcina\u0107 si\u0119 od tre\u015bci, kt\u00f3re nie odpowiadaj\u0105 warto\u015bciom spo\u0142eczno\u015bci lokalnych\u201d.<\/p>\n<p>Carr, kt\u00f3ry w listopadzie 2024 roku spotka\u0142 si\u0119 z Trumpem w Boca Chica w Teksasie, ponownie zach\u0119ci\u0142 nadawc\u00f3w do sprzeciwu wobec tre\u015bci Disneya.<br \/>\n\u201eNawet je\u015bli to bezprecedensowa sytuacja, wa\u017cne jest, by nadawcy bronili swoich warto\u015bci\u201d \u2013 stwierdzi\u0142.<\/p>\n<p>Demokratyczna komisarz FCC, Anna Gomez, pot\u0119pi\u0142a jego dzia\u0142ania.<br \/>\n\u201eW tej administracji coraz cz\u0119\u015bciej obserwujemy wykorzystywanie w\u0142adzy pa\u0144stwowej do t\u0142umienia legalnej ekspresji\u201d \u2013 powiedzia\u0142a.<\/p>\n<p>Trump znany jest z tego, \u017ce cz\u0119sto pozywa i grozi mediom, kt\u00f3re przedstawiaj\u0105 go w niekorzystnym \u015bwietle.<\/p>\n<p>Pojawi\u0142y si\u0119 pytania, czy likwidacja \u201eLate Show\u201d Stephena Colberta mia\u0142a pod\u0142o\u017ce polityczne. Sam Colbert sugerowa\u0142, \u017ce sprawa mia\u0142a zwi\u0105zek z pozwem Trumpa i powi\u0105zaniami korporacyjnymi.<\/p>\n<p>Carr \u2013 mianowany przez Trumpa urz\u0119dnik FCC \u2013 powt\u00f3rzy\u0142 zarzuty prezydenta o stronniczo\u015b\u0107 medi\u00f3w.<br \/>\nZ zadowoleniem przyj\u0105\u0142 tak\u017ce decyzj\u0119 CBS z lipca o zako\u0144czeniu programu Colberta<\/p>\n","protected":false},"excerpt":{"rendered":"<p>&nbsp; Stacja ABC, nale\u017c\u0105ca do korporacji Walt Disney, og\u0142osi\u0142a w \u015brod\u0119 zawieszenie emisji talk-show \u201eJimmy Kimmel Live!\u201d na czas nieokre\u015blony. Decyzja ta zosta\u0142a podj\u0119ta po&hellip;<\/p>\n","protected":false},"author":3,"featured_media":3937,"comment_status":"open","ping_status":"open","sticky":false,"template":"","format":"standard","meta":{"footnotes":""},"categories":[15,18],"tags":[],"class_list":["post-3936","post","type-post","status-publish","format-standard","has-post-thumbnail","hentry","category-swiat","category-top-news"],"_links":{"self":[{"href":"https:\/\/radiopoloniawinnipeg.com\/index.php\/wp-json\/wp\/v2\/posts\/3936","targetHints":{"allow":["GET"]}}],"collection":[{"href":"https:\/\/radiopoloniawinnipeg.com\/index.php\/wp-json\/wp\/v2\/posts"}],"about":[{"href":"https:\/\/radiopoloniawinnipeg.com\/index.php\/wp-json\/wp\/v2\/types\/post"}],"author":[{"embeddable":true,"href":"https:\/\/radiopoloniawinnipeg.com\/index.php\/wp-json\/wp\/v2\/users\/3"}],"replies":[{"embeddable":true,"href":"https:\/\/radiopoloniawinnipeg.com\/index.php\/wp-json\/wp\/v2\/comments?post=3936"}],"version-history":[{"count":0,"href":"https:\/\/radiopoloniawinnipeg.com\/index.php\/wp-json\/wp\/v2\/posts\/3936\/revisions"}],"wp:featuredmedia":[{"embeddable":true,"href":"https:\/\/radiopoloniawinnipeg.com\/index.php\/wp-json\/wp\/v2\/media\/3937"}],"wp:attachment":[{"href":"https:\/\/radiopoloniawinnipeg.com\/index.php\/wp-json\/wp\/v2\/media?parent=3936"}],"wp:term":[{"taxonomy":"category","embeddable":true,"href":"https:\/\/radiopoloniawinnipeg.com\/index.php\/wp-json\/wp\/v2\/categories?post=3936"},{"taxonomy":"post_tag","embeddable":true,"href":"https:\/\/radiopoloniawinnipeg.com\/index.php\/wp-json\/wp\/v2\/tags?post=3936"}],"curies":[{"name":"wp","href":"https:\/\/api.w.org\/{rel}","templated":true}]}}