{"id":3942,"date":"2025-09-18T20:30:09","date_gmt":"2025-09-19T00:30:09","guid":{"rendered":"https:\/\/radiopoloniawinnipeg.com\/index.php\/2025\/09\/18\/trump-oczarowany-ksiezna-kate-jestes-piekna-taka-piekna\/"},"modified":"2025-09-18T20:30:09","modified_gmt":"2025-09-19T00:30:09","slug":"trump-oczarowany-ksiezna-kate-jestes-piekna-taka-piekna","status":"publish","type":"post","link":"https:\/\/radiopoloniawinnipeg.com\/index.php\/2025\/09\/18\/trump-oczarowany-ksiezna-kate-jestes-piekna-taka-piekna\/","title":{"rendered":"Trump oczarowany ksi\u0119\u017cn\u0105 Kate: \u201eJeste\u015b pi\u0119kna, taka pi\u0119kna\u201d"},"content":{"rendered":"<p><img decoding=\"async\" loading=\"lazy\" class=\"aligncenter size-custom-full-size wp-image-223510\" src=\"https:\/\/bejsment.com\/wp-content\/uploads\/2025\/09\/aakatetrump2-636x477.jpg\" alt=\"\" width=\"636\" height=\"477\" \/><\/p>\n<p><strong>Donald Trump podczas uroczystego powitania na Zamku Windsor nie kry\u0142 swojego zachwytu nad ksi\u0119\u017cn\u0105 Kate Middleton. Prezydent USA, \u015bciskaj\u0105c jej d\u0142o\u0144, wypowiedzia\u0142 s\u0142owa: \u201eJeste\u015b pi\u0119kna, taka pi\u0119kna\u201d. Komplement natychmiast podchwyci\u0142y brytyjskie i ameryka\u0144skie media, a nagranie z tego momentu sta\u0142o si\u0119 hitem w internecie.<\/strong><\/p>\n<p>Kate, kt\u00f3ra mimo choroby nowotworowej powr\u00f3ci\u0142a do publicznych obowi\u0105zk\u00f3w, zrobi\u0142a ogromne wra\u017cenie na ameryka\u0144skim przyw\u00f3dcy. Wed\u0142ug magazynu <em>People<\/em>, Trump \u201ewygl\u0105da\u0142 na zaskoczonego\u201d prezencj\u0105 ksi\u0119\u017cnej, a <em>Daily Mail<\/em> zwr\u00f3ci\u0142 uwag\u0119, \u017ce prezydent m\u00f3g\u0142 spodziewa\u0107 si\u0119 zmienionego wygl\u0105du Kate \u2013 tym wi\u0119kszy by\u0142 jego entuzjazm.<\/p>\n<p>Nie jest to pierwszy raz, gdy Donald Trump obsypuje komplementami cz\u0142onk\u00f3w brytyjskiej rodziny kr\u00f3lewskiej. W 2024 roku chwali\u0142 ksi\u0119cia Williama, m\u00f3wi\u0105c, \u017ce wygl\u0105da \u201enaprawd\u0119 bardzo przystojnie\u201d podczas uroczysto\u015bci w Pary\u017cu.<\/p>\n<p>Podczas \u015brodowej wizyty na Zamku Windsor ameryka\u0144ska para prezydencka zosta\u0142a powitana przez ksi\u0119cia Williama i ksi\u0119\u017cn\u0105 Kate, a tak\u017ce przez kr\u00f3la Karola III i kr\u00f3low\u0105 Kamil\u0119. Program przewiduje m.in. procesj\u0119 kr\u00f3lewskich powoz\u00f3w, wizyt\u0119 w kaplicy \u015bw. Jerzego oraz uroczyst\u0105 kolacj\u0119 pa\u0144stwow\u0105, podczas kt\u00f3rej przem\u00f3wienia wyg\u0142osz\u0105 Trump i Karol III.<\/p>\n<p>To ju\u017c druga w tej kadencji i pi\u0105ta w historii wizyta Donalda Trumpa w Wielkiej Brytanii. Towarzysz\u0105 jej r\u00f3wnie\u017c protesty \u2013 ulicami Londynu ma przej\u015b\u0107 marsz grupy <em>Stop Trump<\/em>, w kt\u00f3rym udzia\u0142 zapowiedzieli m.in. Jeremy Corbyn i Zack Polanski. Bezpiecze\u0144stwa w centrum miasta b\u0119dzie strzec ponad 1600 funkcjonariuszy.<\/p>\n<p style=\"text-align: right\"><em>Na podst. People i Polsat News<\/em><\/p>\n","protected":false},"excerpt":{"rendered":"<p>Donald Trump podczas uroczystego powitania na Zamku Windsor nie kry\u0142 swojego zachwytu nad ksi\u0119\u017cn\u0105 Kate Middleton. Prezydent USA, \u015bciskaj\u0105c jej d\u0142o\u0144, wypowiedzia\u0142 s\u0142owa: \u201eJeste\u015b pi\u0119kna,&hellip;<\/p>\n","protected":false},"author":3,"featured_media":3943,"comment_status":"open","ping_status":"open","sticky":false,"template":"","format":"standard","meta":{"footnotes":""},"categories":[15,18],"tags":[],"class_list":["post-3942","post","type-post","status-publish","format-standard","has-post-thumbnail","hentry","category-swiat","category-top-news"],"_links":{"self":[{"href":"https:\/\/radiopoloniawinnipeg.com\/index.php\/wp-json\/wp\/v2\/posts\/3942","targetHints":{"allow":["GET"]}}],"collection":[{"href":"https:\/\/radiopoloniawinnipeg.com\/index.php\/wp-json\/wp\/v2\/posts"}],"about":[{"href":"https:\/\/radiopoloniawinnipeg.com\/index.php\/wp-json\/wp\/v2\/types\/post"}],"author":[{"embeddable":true,"href":"https:\/\/radiopoloniawinnipeg.com\/index.php\/wp-json\/wp\/v2\/users\/3"}],"replies":[{"embeddable":true,"href":"https:\/\/radiopoloniawinnipeg.com\/index.php\/wp-json\/wp\/v2\/comments?post=3942"}],"version-history":[{"count":0,"href":"https:\/\/radiopoloniawinnipeg.com\/index.php\/wp-json\/wp\/v2\/posts\/3942\/revisions"}],"wp:featuredmedia":[{"embeddable":true,"href":"https:\/\/radiopoloniawinnipeg.com\/index.php\/wp-json\/wp\/v2\/media\/3943"}],"wp:attachment":[{"href":"https:\/\/radiopoloniawinnipeg.com\/index.php\/wp-json\/wp\/v2\/media?parent=3942"}],"wp:term":[{"taxonomy":"category","embeddable":true,"href":"https:\/\/radiopoloniawinnipeg.com\/index.php\/wp-json\/wp\/v2\/categories?post=3942"},{"taxonomy":"post_tag","embeddable":true,"href":"https:\/\/radiopoloniawinnipeg.com\/index.php\/wp-json\/wp\/v2\/tags?post=3942"}],"curies":[{"name":"wp","href":"https:\/\/api.w.org\/{rel}","templated":true}]}}