{"id":3946,"date":"2025-09-19T08:15:05","date_gmt":"2025-09-19T12:15:05","guid":{"rendered":"https:\/\/radiopoloniawinnipeg.com\/index.php\/2025\/09\/19\/brigitte-macron-przedstawi-naukowe-dowody-potwierdzajace-jej-plec\/"},"modified":"2025-09-19T08:15:05","modified_gmt":"2025-09-19T12:15:05","slug":"brigitte-macron-przedstawi-naukowe-dowody-potwierdzajace-jej-plec","status":"publish","type":"post","link":"https:\/\/radiopoloniawinnipeg.com\/index.php\/2025\/09\/19\/brigitte-macron-przedstawi-naukowe-dowody-potwierdzajace-jej-plec\/","title":{"rendered":"Brigitte Macron przedstawi \u201enaukowe dowody\u201d potwierdzaj\u0105ce jej p\u0142e\u0107"},"content":{"rendered":"<p><strong>Prezydent Francji Emmanuel Macron wraz z \u017con\u0105 Brigitte planuj\u0105 zaprezentowa\u0107 przed ameryka\u0144skim s\u0105dem dokumenty medyczne, kt\u00f3re maj\u0105 potwierdzi\u0107, \u017ce Brigitte jest kobiet\u0105. To element procesu o znies\u0142awienie przeciwko znanej ameryka\u0144skiej komentatorce politycznej.<\/strong><\/p>\n<p>Jak poinformowa\u0142 prawnik pary, celem Macron\u00f3w jest obalenie zarzut\u00f3w Candace Owens \u2013 wp\u0142ywowej dzia\u0142aczki i influencerki z USA \u2013 kt\u00f3ra publicznie sugerowa\u0142a, \u017ce Brigitte Macron przysz\u0142a na \u015bwiat jako m\u0119\u017cczyzna. Wed\u0142ug doniesie\u0144 BBC, obro\u0144cy Owens wnie\u015bli o oddalenie sprawy.<\/p>\n<p>Adwokat Macron\u00f3w, Tom Clare, przekaza\u0142 mediom, \u017ce jego klientka odebra\u0142a oskar\u017cenia jako \u201ebardzo bolesne\u201d i \u017ce wp\u0142ywaj\u0105 one r\u00f3wnie\u017c na jej m\u0119\u017ca. \u2013 Nie chc\u0119 twierdzi\u0107, \u017ce go to sparali\u017cowa\u0142o. Ale ka\u017cdy, kto \u0142\u0105czy obowi\u0105zki publiczne z \u017cyciem rodzinnym, odczuwa ci\u0119\u017car atak\u00f3w na swoich bliskich. On, mimo \u017ce jest prezydentem, nie jest od tego wolny \u2013 stwierdzi\u0142 Clare.<\/p>\n<p>Chocia\u017c szczeg\u00f3\u0142y dowod\u00f3w nie zosta\u0142y ujawnione, zapewniono, \u017ce ma\u0142\u017ce\u0144stwo udowodni \u201ew spos\u00f3b og\u00f3lny i szczeg\u00f3\u0142owy\u201d fa\u0142szywo\u015b\u0107 twierdze\u0144 Owens. \u2013 To bardzo przykre, \u017ce trzeba si\u0119ga\u0107 po tak intymne dowody \u2013 powiedzia\u0142 prawnik. \u2013 Brigitte jest jednak gotowa to zrobi\u0107 i podda si\u0119 temu publicznemu procesowi, aby raz na zawsze przeci\u0105\u0107 spekulacje.<\/p>\n<p>Clare zasugerowa\u0142, \u017ce w materia\u0142ach mog\u0105 znale\u017a\u0107 si\u0119 m.in. zdj\u0119cia Brigitte Macron z okresu ci\u0105\u017cy. Owens, posiadaj\u0105ca 6,2 mln obserwuj\u0105cych na Instagramie, od d\u0142u\u017cszego czasu powtarza tezy o rzekomej m\u0119skiej to\u017csamo\u015bci Brigitte. W marcu 2024 roku napisa\u0142a na portalu X: \u201eRyzykuj\u0119 ca\u0142\u0105 swoj\u0105 reputacj\u0119, twierdz\u0105c, \u017ce Brigitte Macron to w rzeczywisto\u015bci m\u0119\u017cczyzna\u201d.<\/p>\n<p>W rozmowie z Tuckrem Carlsonem na pocz\u0105tku tego roku Owens o\u015bwiadczy\u0142a, \u017ce nie chce umorzenia sprawy, bo jej zdaniem dotyczy \u201eczego\u015b znacznie istotniejszego\u201d. Jak przypomina \u201eGuardian\u201d, plotki te zacz\u0119\u0142y kr\u0105\u017cy\u0107 w czasie pandemii COVID-19, gdy francuskie aktywistki Amandine Roy i Natacha Rey opublikowa\u0142y w sieci film sugeruj\u0105cy alternatywn\u0105 wersj\u0119 biografii Brigitte.<\/p>\n<p>W 2024 roku Macronowie wygrali w s\u0105dzie we Francji proces z Roy i Rey o znies\u0142awienie, ale wyrok zosta\u0142 uchylony w 2025 r. ze wzgl\u0119du na przepisy dotycz\u0105ce wolno\u015bci s\u0142owa. W lipcu para z\u0142o\u017cy\u0142a nowy pozew w USA przeciwko Owens, zarzucaj\u0105c jej, \u017ce \u201e\u015bwiadomie ignorowa\u0142a dowody zaprzeczaj\u0105ce jej oskar\u017ceniom, aby promowa\u0107 teorie spiskowe i osoby znane z szerzenia pom\u00f3wie\u0144\u201d.<\/p>\n<p>Sam Emmanuel Macron w sierpniu, w wywiadzie dla \u201eParis Match\u201d, podkre\u015bli\u0142, \u017ce sprawa przeciwko Owens \u201edotyczy obrony mojego honoru, bo to absurd\u201d. \u2013 To osoba, kt\u00f3ra wiedzia\u0142a, \u017ce powiela k\u0142amstwa, a mimo to zrobi\u0142a to z premedytacj\u0105, w imi\u0119 ideologii i powi\u0105za\u0144 ze skrajn\u0105 prawic\u0105 \u2013 oceni\u0142 prezydent Francji.<\/p>\n","protected":false},"excerpt":{"rendered":"<p>Prezydent Francji Emmanuel Macron wraz z \u017con\u0105 Brigitte planuj\u0105 zaprezentowa\u0107 przed ameryka\u0144skim s\u0105dem dokumenty medyczne, kt\u00f3re maj\u0105 potwierdzi\u0107, \u017ce Brigitte jest kobiet\u0105. To element procesu&hellip;<\/p>\n","protected":false},"author":3,"featured_media":3947,"comment_status":"open","ping_status":"open","sticky":false,"template":"","format":"standard","meta":{"footnotes":""},"categories":[15,18],"tags":[],"class_list":["post-3946","post","type-post","status-publish","format-standard","has-post-thumbnail","hentry","category-swiat","category-top-news"],"_links":{"self":[{"href":"https:\/\/radiopoloniawinnipeg.com\/index.php\/wp-json\/wp\/v2\/posts\/3946","targetHints":{"allow":["GET"]}}],"collection":[{"href":"https:\/\/radiopoloniawinnipeg.com\/index.php\/wp-json\/wp\/v2\/posts"}],"about":[{"href":"https:\/\/radiopoloniawinnipeg.com\/index.php\/wp-json\/wp\/v2\/types\/post"}],"author":[{"embeddable":true,"href":"https:\/\/radiopoloniawinnipeg.com\/index.php\/wp-json\/wp\/v2\/users\/3"}],"replies":[{"embeddable":true,"href":"https:\/\/radiopoloniawinnipeg.com\/index.php\/wp-json\/wp\/v2\/comments?post=3946"}],"version-history":[{"count":0,"href":"https:\/\/radiopoloniawinnipeg.com\/index.php\/wp-json\/wp\/v2\/posts\/3946\/revisions"}],"wp:featuredmedia":[{"embeddable":true,"href":"https:\/\/radiopoloniawinnipeg.com\/index.php\/wp-json\/wp\/v2\/media\/3947"}],"wp:attachment":[{"href":"https:\/\/radiopoloniawinnipeg.com\/index.php\/wp-json\/wp\/v2\/media?parent=3946"}],"wp:term":[{"taxonomy":"category","embeddable":true,"href":"https:\/\/radiopoloniawinnipeg.com\/index.php\/wp-json\/wp\/v2\/categories?post=3946"},{"taxonomy":"post_tag","embeddable":true,"href":"https:\/\/radiopoloniawinnipeg.com\/index.php\/wp-json\/wp\/v2\/tags?post=3946"}],"curies":[{"name":"wp","href":"https:\/\/api.w.org\/{rel}","templated":true}]}}