{"id":3958,"date":"2025-09-19T16:15:07","date_gmt":"2025-09-19T20:15:07","guid":{"rendered":"https:\/\/radiopoloniawinnipeg.com\/index.php\/2025\/09\/19\/kolejne-spotkanie-nawrockiego-z-trumpem\/"},"modified":"2025-09-19T16:15:07","modified_gmt":"2025-09-19T20:15:07","slug":"kolejne-spotkanie-nawrockiego-z-trumpem","status":"publish","type":"post","link":"https:\/\/radiopoloniawinnipeg.com\/index.php\/2025\/09\/19\/kolejne-spotkanie-nawrockiego-z-trumpem\/","title":{"rendered":"Kolejne spotkanie Nawrockiego z Trumpem"},"content":{"rendered":"<p><img decoding=\"async\" loading=\"lazy\" class=\"aligncenter size-custom-full-size wp-image-223572\" src=\"https:\/\/bejsment.com\/wp-content\/uploads\/2025\/09\/aanawrockitrump2-636x478.jpg\" alt=\"\" width=\"636\" height=\"478\" \/><\/p>\n<p><strong>Mo\u017cliwe jest kolejne spotkanie prezydenta Karola Nawrockiego z Donaldem Trumpem \u2013 poinformowa\u0142 w czwartek szef Biura Polityki Mi\u0119dzynarodowej Marcin Przydacz. Do rozmowy mia\u0142oby doj\u015b\u0107 w Nowym Jorku, na marginesie 80. sesji Zgromadzenia Og\u00f3lnego ONZ.<\/strong><\/p>\n<p>Delegacja prezydenta RP uda si\u0119 do USA w dniach 21\u201324 wrze\u015bnia. Po raz pierwszy w podr\u00f3\u017cy zagranicznej we\u017amie udzia\u0142 minister spraw zagranicznych Rados\u0142aw Sikorski. Podczas obrad Nawrocki ma wyg\u0142osi\u0107 wyst\u0105pienie dotycz\u0105ce wyzwa\u0144 regionalnych i zasad wa\u017cnych z perspektywy Polski.<\/p>\n<p>Przydacz zapowiedzia\u0142, \u017ce w Nowym Jorku odb\u0119dzie si\u0119 szereg spotka\u0144 dwustronnych i wielostronnych.<\/p>\n<p>\u2013 Dojdzie do bezpo\u015brednich kontakt\u00f3w z najwa\u017cniejszymi politykami \u015bwiata. Jestem przekonany, \u017ce dojdzie tak\u017ce do kontaktu bezpo\u015bredniego z prezydentem USA Donaldem Trumpem \u2013 podkre\u015bli\u0142.<\/p>\n<p>Niewykluczone jest tak\u017ce spotkanie z prezydentem Ukrainy Wo\u0142odymyrem Ze\u0142enskim.<\/p>\n<p>\u2013 Sala ONZ jest ma\u0142a, wi\u0119c interakcje mi\u0119dzy politykami b\u0119d\u0105 oczywisto\u015bci\u0105. Na pewno mo\u017ce doj\u015b\u0107 do kr\u00f3tkiej wymiany zda\u0144 z prezydentem Ukrainy \u2013 zaznaczy\u0142 Przydacz.<\/p>\n<p>Tego samego dnia szef BPM spotka\u0142 si\u0119 z wiceministrem spraw zagranicznych Marcinem Bosackim. Rozmowy dotyczy\u0142y m.in. obsady personalnej w polskich plac\u00f3wkach dyplomatycznych.<\/p>\n<p>\u2013 Ustalili\u015bmy wiele kwestii. To by\u0142o potrzebne spotkanie w dobie wyzwa\u0144 dotycz\u0105cych bezpiecze\u0144stwa \u2013 oceni\u0142 Przydacz.<\/p>\n<p style=\"text-align: right\"><em>Na podst. i.Pl<\/em><\/p>\n","protected":false},"excerpt":{"rendered":"<p>Mo\u017cliwe jest kolejne spotkanie prezydenta Karola Nawrockiego z Donaldem Trumpem \u2013 poinformowa\u0142 w czwartek szef Biura Polityki Mi\u0119dzynarodowej Marcin Przydacz. Do rozmowy mia\u0142oby doj\u015b\u0107 w&hellip;<\/p>\n","protected":false},"author":3,"featured_media":3959,"comment_status":"open","ping_status":"open","sticky":false,"template":"","format":"standard","meta":{"footnotes":""},"categories":[15,18],"tags":[],"class_list":["post-3958","post","type-post","status-publish","format-standard","has-post-thumbnail","hentry","category-swiat","category-top-news"],"_links":{"self":[{"href":"https:\/\/radiopoloniawinnipeg.com\/index.php\/wp-json\/wp\/v2\/posts\/3958","targetHints":{"allow":["GET"]}}],"collection":[{"href":"https:\/\/radiopoloniawinnipeg.com\/index.php\/wp-json\/wp\/v2\/posts"}],"about":[{"href":"https:\/\/radiopoloniawinnipeg.com\/index.php\/wp-json\/wp\/v2\/types\/post"}],"author":[{"embeddable":true,"href":"https:\/\/radiopoloniawinnipeg.com\/index.php\/wp-json\/wp\/v2\/users\/3"}],"replies":[{"embeddable":true,"href":"https:\/\/radiopoloniawinnipeg.com\/index.php\/wp-json\/wp\/v2\/comments?post=3958"}],"version-history":[{"count":0,"href":"https:\/\/radiopoloniawinnipeg.com\/index.php\/wp-json\/wp\/v2\/posts\/3958\/revisions"}],"wp:featuredmedia":[{"embeddable":true,"href":"https:\/\/radiopoloniawinnipeg.com\/index.php\/wp-json\/wp\/v2\/media\/3959"}],"wp:attachment":[{"href":"https:\/\/radiopoloniawinnipeg.com\/index.php\/wp-json\/wp\/v2\/media?parent=3958"}],"wp:term":[{"taxonomy":"category","embeddable":true,"href":"https:\/\/radiopoloniawinnipeg.com\/index.php\/wp-json\/wp\/v2\/categories?post=3958"},{"taxonomy":"post_tag","embeddable":true,"href":"https:\/\/radiopoloniawinnipeg.com\/index.php\/wp-json\/wp\/v2\/tags?post=3958"}],"curies":[{"name":"wp","href":"https:\/\/api.w.org\/{rel}","templated":true}]}}