{"id":3966,"date":"2025-09-19T20:30:06","date_gmt":"2025-09-20T00:30:06","guid":{"rendered":"https:\/\/radiopoloniawinnipeg.com\/index.php\/2025\/09\/19\/wielkie-wyroznienie-dla-polskiego-duchownego\/"},"modified":"2025-09-19T20:30:06","modified_gmt":"2025-09-20T00:30:06","slug":"wielkie-wyroznienie-dla-polskiego-duchownego","status":"publish","type":"post","link":"https:\/\/radiopoloniawinnipeg.com\/index.php\/2025\/09\/19\/wielkie-wyroznienie-dla-polskiego-duchownego\/","title":{"rendered":"Wielkie wyr\u00f3\u017cnienie dla polskiego duchownego"},"content":{"rendered":"<p><img decoding=\"async\" loading=\"lazy\" class=\"aligncenter size-custom-full-size wp-image-223593\" src=\"https:\/\/bejsment.com\/wp-content\/uploads\/2025\/09\/aaksiadzwachowski-636x358.jpg\" alt=\"\" width=\"636\" height=\"358\" \/><\/p>\n<p><strong>Papie\u017c Leon XIV mianowa\u0142 ks. pra\u0142ata Miros\u0142awa Stanis\u0142awa Wachowskiego nuncjuszem apostolskim w Iraku. Duchowny, dotychczasowy podsekretarz ds. Relacji z Pa\u0144stwami w Sekretariacie Stanu Stolicy Apostolskiej, otrzyma\u0142 r\u00f3wnocze\u015bnie godno\u015b\u0107 arcybiskupa i tytularn\u0105 stolic\u0119 Villamagna di Proconsolare.<\/strong><\/p>\n<p>Miros\u0142aw Wachowski urodzi\u0142 si\u0119 8 maja 1970 roku w Piszu. \u015awi\u0119cenia kap\u0142a\u0144skie przyj\u0105\u0142 15 czerwca 1996 r., inkardynuj\u0105c si\u0119 do diecezji e\u0142ckiej. Do s\u0142u\u017cby dyplomatycznej Stolicy Apostolskiej wst\u0105pi\u0142 w 2004 roku. Pracowa\u0142 m.in. w nuncjaturach w Senegalu i Polsce, w Sta\u0142ej Misji przy MAEA, OBWE i Biurze ONZ w Wiedniu, a tak\u017ce w Sekcji ds. Relacji z Pa\u0144stwami i Organizacjami Mi\u0119dzynarodowymi. Od 2019 r. pe\u0142ni\u0142 funkcj\u0119 podsekretarza w Sekretariacie Stanu. Zna sze\u015b\u0107 j\u0119zyk\u00f3w: polski, w\u0142oski, angielski, francuski, hiszpa\u0144ski i rosyjski.<\/p>\n<p><strong>Gratulacje od Episkopatu<\/strong><\/p>\n<p>Przewodnicz\u0105cy Konferencji Episkopatu Polski abp Tadeusz Wojda pogratulowa\u0142 nowemu nuncjuszowi nominacji. W li\u015bcie podkre\u015bli\u0142 symbolik\u0119 dnia \u015bw. Stanis\u0142awa Kostki i \u017cyczy\u0142 abp. Wachowskiemu, by jego misji towarzyszy\u0142y s\u0142owa z Ksi\u0119gi M\u0105dro\u015bci: <em>\u201e\u0141aska i mi\u0142osierdzie nad Jego wybranymi i nad \u015bwi\u0119tymi Jego opatrzno\u015b\u0107\u201d<\/em>.<\/p>\n<p>\u201eNiech Maryja, Matka Mi\u0142osierdzia, wyprasza Ci wszelkie potrzebne \u0142aski i obfite Bo\u017ce b\u0142ogos\u0142awie\u0144stwo\u201d \u2013 napisa\u0142 abp Wojda, zapewniaj\u0105c o wsparciu modlitewnym Episkopatu Polski.<\/p>\n<p style=\"text-align: right\"><em>Na podst. Misyjne.pl<\/em><\/p>\n","protected":false},"excerpt":{"rendered":"<p>Papie\u017c Leon XIV mianowa\u0142 ks. pra\u0142ata Miros\u0142awa Stanis\u0142awa Wachowskiego nuncjuszem apostolskim w Iraku. Duchowny, dotychczasowy podsekretarz ds. Relacji z Pa\u0144stwami w Sekretariacie Stanu Stolicy Apostolskiej,&hellip;<\/p>\n","protected":false},"author":3,"featured_media":3967,"comment_status":"open","ping_status":"open","sticky":false,"template":"","format":"standard","meta":{"footnotes":""},"categories":[15,18],"tags":[],"class_list":["post-3966","post","type-post","status-publish","format-standard","has-post-thumbnail","hentry","category-swiat","category-top-news"],"_links":{"self":[{"href":"https:\/\/radiopoloniawinnipeg.com\/index.php\/wp-json\/wp\/v2\/posts\/3966","targetHints":{"allow":["GET"]}}],"collection":[{"href":"https:\/\/radiopoloniawinnipeg.com\/index.php\/wp-json\/wp\/v2\/posts"}],"about":[{"href":"https:\/\/radiopoloniawinnipeg.com\/index.php\/wp-json\/wp\/v2\/types\/post"}],"author":[{"embeddable":true,"href":"https:\/\/radiopoloniawinnipeg.com\/index.php\/wp-json\/wp\/v2\/users\/3"}],"replies":[{"embeddable":true,"href":"https:\/\/radiopoloniawinnipeg.com\/index.php\/wp-json\/wp\/v2\/comments?post=3966"}],"version-history":[{"count":0,"href":"https:\/\/radiopoloniawinnipeg.com\/index.php\/wp-json\/wp\/v2\/posts\/3966\/revisions"}],"wp:featuredmedia":[{"embeddable":true,"href":"https:\/\/radiopoloniawinnipeg.com\/index.php\/wp-json\/wp\/v2\/media\/3967"}],"wp:attachment":[{"href":"https:\/\/radiopoloniawinnipeg.com\/index.php\/wp-json\/wp\/v2\/media?parent=3966"}],"wp:term":[{"taxonomy":"category","embeddable":true,"href":"https:\/\/radiopoloniawinnipeg.com\/index.php\/wp-json\/wp\/v2\/categories?post=3966"},{"taxonomy":"post_tag","embeddable":true,"href":"https:\/\/radiopoloniawinnipeg.com\/index.php\/wp-json\/wp\/v2\/tags?post=3966"}],"curies":[{"name":"wp","href":"https:\/\/api.w.org\/{rel}","templated":true}]}}