{"id":3970,"date":"2025-09-20T08:30:09","date_gmt":"2025-09-20T12:30:09","guid":{"rendered":"https:\/\/radiopoloniawinnipeg.com\/index.php\/2025\/09\/20\/tragedia-podczas-szkolenia-w-usa-zginelo-dwoch-polskich-zolnierzy-wojsk-specjalnych\/"},"modified":"2025-09-20T08:30:09","modified_gmt":"2025-09-20T12:30:09","slug":"tragedia-podczas-szkolenia-w-usa-zginelo-dwoch-polskich-zolnierzy-wojsk-specjalnych","status":"publish","type":"post","link":"https:\/\/radiopoloniawinnipeg.com\/index.php\/2025\/09\/20\/tragedia-podczas-szkolenia-w-usa-zginelo-dwoch-polskich-zolnierzy-wojsk-specjalnych\/","title":{"rendered":"Tragedia podczas szkolenia w USA. Zgin\u0119\u0142o dw\u00f3ch polskich \u017co\u0142nierzy Wojsk Specjalnych"},"content":{"rendered":"<div id=\"attachment_223659\" style=\"width: 646px\" class=\"wp-caption aligncenter\"><img decoding=\"async\" loading=\"lazy\" aria-describedby=\"caption-attachment-223659\" class=\"size-custom-full-size wp-image-223659\" src=\"https:\/\/bejsment.com\/wp-content\/uploads\/2025\/09\/aaspadochroniarz-636x358.jpeg\" alt=\"\" width=\"636\" height=\"358\" \/><\/p>\n<p id=\"caption-attachment-223659\" class=\"wp-caption-text\">Zdj\u0119cie ilustracyjne.<\/p>\n<\/div>\n<p><strong>Podczas nocnych \u0107wicze\u0144 spadochronowych w Stanach Zjednoczonych zgin\u0119\u0142o dw\u00f3ch \u017co\u0142nierzy Wojsk Specjalnych. Do tragicznego wypadku dosz\u0142o 19 wrze\u015bnia, tu\u017c przed godzin\u0105 23 czasu polskiego.<\/strong><\/p>\n<p>Jak poinformowa\u0142o w pi\u0105tek p\u00f3\u017anym wieczorem Dow\u00f3dztwo Generalne Rodzaj\u00f3w Si\u0142 Zbrojnych, szkolenie odbywa\u0142o si\u0119 w ramach mi\u0119dzynarodowej wsp\u00f3\u0142pracy wojskowej. Szczeg\u00f3\u0142owe okoliczno\u015bci zdarzenia nie zosta\u0142y na razie podane do publicznej wiadomo\u015bci.<\/p>\n<p>\u201eRodziny poleg\u0142ych \u017co\u0142nierzy zosta\u0142y obj\u0119te opiek\u0105 i wsparciem. Przyczyny tragedii bada specjalna komisja\u201d \u2013 przekazano w komunikacie.<\/p>\n<p>Na dramatyczn\u0105 wiadomo\u015b\u0107 zareagowa\u0142 prezydent Karol Nawrocki, kt\u00f3ry w mediach spo\u0142eczno\u015bciowych z\u0142o\u017cy\u0142 kondolencje: \u2013 Z g\u0142\u0119bokim smutkiem przyj\u0105\u0142em wiadomo\u015b\u0107 o \u015bmierci dw\u00f3ch \u017co\u0142nierzy Wojsk Specjalnych. Rodzinom i bliskim sk\u0142adam wyrazy szczerego wsp\u00f3\u0142czucia i solidarno\u015bci w b\u00f3lu. Niech dobry B\u00f3g ma ich dusze w swojej opiece \u2013 napisa\u0142.<\/p>\n<p>Wyrazy wsp\u00f3\u0142czucia rodzinom zmar\u0142ych przekaza\u0142 tak\u017ce wicepremier i minister obrony narodowej W\u0142adys\u0142aw Kosiniak-Kamysz.<\/p>\n<p>\u201eNiezwykle smutna wiadomo\u015b\u0107 dotar\u0142a do nas ze Stan\u00f3w Zjednoczonych. W czasie nocnych \u0107wicze\u0144 spadochronowych \u015bmier\u0107 ponios\u0142o dw\u00f3ch naszych \u015bwietnych \u017co\u0142nierzy Wojsk Specjalnych. Rodziny poleg\u0142ych zosta\u0142y obj\u0119te pe\u0142nym wsparciem. Niech dobry B\u00f3g ma Was w swojej opiece i doda si\u0142 w tych najtrudniejszych dniach\u201d \u2013 napisa\u0142 szef MON.<\/p>\n<p>\u015aledztwo w sprawie wypadku prowadzi powo\u0142ana do tego komisja.<\/p>\n<p style=\"text-align: right\">Na podst. i.PL<\/p>\n","protected":false},"excerpt":{"rendered":"<p>Zdj\u0119cie ilustracyjne. Podczas nocnych \u0107wicze\u0144 spadochronowych w Stanach Zjednoczonych zgin\u0119\u0142o dw\u00f3ch \u017co\u0142nierzy Wojsk Specjalnych. Do tragicznego wypadku dosz\u0142o 19 wrze\u015bnia, tu\u017c przed godzin\u0105 23 czasu&hellip;<\/p>\n","protected":false},"author":3,"featured_media":3971,"comment_status":"open","ping_status":"open","sticky":false,"template":"","format":"standard","meta":{"footnotes":""},"categories":[15,18],"tags":[],"class_list":["post-3970","post","type-post","status-publish","format-standard","has-post-thumbnail","hentry","category-swiat","category-top-news"],"_links":{"self":[{"href":"https:\/\/radiopoloniawinnipeg.com\/index.php\/wp-json\/wp\/v2\/posts\/3970","targetHints":{"allow":["GET"]}}],"collection":[{"href":"https:\/\/radiopoloniawinnipeg.com\/index.php\/wp-json\/wp\/v2\/posts"}],"about":[{"href":"https:\/\/radiopoloniawinnipeg.com\/index.php\/wp-json\/wp\/v2\/types\/post"}],"author":[{"embeddable":true,"href":"https:\/\/radiopoloniawinnipeg.com\/index.php\/wp-json\/wp\/v2\/users\/3"}],"replies":[{"embeddable":true,"href":"https:\/\/radiopoloniawinnipeg.com\/index.php\/wp-json\/wp\/v2\/comments?post=3970"}],"version-history":[{"count":0,"href":"https:\/\/radiopoloniawinnipeg.com\/index.php\/wp-json\/wp\/v2\/posts\/3970\/revisions"}],"wp:featuredmedia":[{"embeddable":true,"href":"https:\/\/radiopoloniawinnipeg.com\/index.php\/wp-json\/wp\/v2\/media\/3971"}],"wp:attachment":[{"href":"https:\/\/radiopoloniawinnipeg.com\/index.php\/wp-json\/wp\/v2\/media?parent=3970"}],"wp:term":[{"taxonomy":"category","embeddable":true,"href":"https:\/\/radiopoloniawinnipeg.com\/index.php\/wp-json\/wp\/v2\/categories?post=3970"},{"taxonomy":"post_tag","embeddable":true,"href":"https:\/\/radiopoloniawinnipeg.com\/index.php\/wp-json\/wp\/v2\/tags?post=3970"}],"curies":[{"name":"wp","href":"https:\/\/api.w.org\/{rel}","templated":true}]}}