{"id":3974,"date":"2025-09-20T12:30:09","date_gmt":"2025-09-20T16:30:09","guid":{"rendered":"https:\/\/radiopoloniawinnipeg.com\/index.php\/2025\/09\/20\/rosyjskie-mig-31-wtargnely-do-estonii-nato-przechwycilo-maszyny\/"},"modified":"2025-09-20T12:30:09","modified_gmt":"2025-09-20T16:30:09","slug":"rosyjskie-mig-31-wtargnely-do-estonii-nato-przechwycilo-maszyny","status":"publish","type":"post","link":"https:\/\/radiopoloniawinnipeg.com\/index.php\/2025\/09\/20\/rosyjskie-mig-31-wtargnely-do-estonii-nato-przechwycilo-maszyny\/","title":{"rendered":"Rosyjskie MiG-31 wtargn\u0119\u0142y do Estonii. NATO przechwyci\u0142o maszyny"},"content":{"rendered":"<p><img decoding=\"async\" loading=\"lazy\" class=\"aligncenter size-custom-full-size wp-image-223663\" src=\"https:\/\/bejsment.com\/wp-content\/uploads\/2025\/09\/aaestoniamigi-636x393.jpg\" alt=\"\" width=\"636\" height=\"393\" \/><\/p>\n<p><strong>Trzy rosyjskie my\u015bliwce MiG-31 bez zezwolenia wlecia\u0142y w pi\u0105tek rano w esto\u0144sk\u0105 przestrze\u0144 powietrzn\u0105 \u2013 poinformowa\u0142y w\u0142adze w Tallinnie. Maszyny zosta\u0142y przechwycone przez samoloty NATO.<\/strong><\/p>\n<p>\u201eDzi\u015b rano rosyjskie samoloty naruszy\u0142y esto\u0144sk\u0105 przestrze\u0144 powietrzn\u0105. NATO natychmiast zareagowa\u0142o i przechwyci\u0142o. To kolejny przyk\u0142ad lekkomy\u015blnego zachowania Rosji i dow\u00f3d mo\u017cliwo\u015bci reagowania NATO\u201d \u2013 przekaza\u0142a na platformie X rzeczniczka sojuszu Allison Hart.<\/p>\n<p>Esto\u0144ski rz\u0105d potwierdzi\u0142, \u017ce trzy MiG-31 znajdowa\u0142y si\u0119 nad terytorium kraju przez \u0142\u0105cznie 12 minut. Maszyny nie utrzymywa\u0142y \u0142\u0105czno\u015bci radiowej z kontrol\u0105 ruchu lotniczego. To ju\u017c czwarte naruszenie przestrzeni powietrznej Estonii przez Rosj\u0119 w tym roku.<\/p>\n<p>Komisarz UE ds. dyplomacji Kaja Kallas okre\u015bli\u0142a zdarzenie jako \u201ewyj\u0105tkowo niebezpieczn\u0105 prowokacj\u0119\u201d. \u201eTo ju\u017c trzecie naruszenie przestrzeni powietrznej UE w ci\u0105gu kilku dni. Putin wystawia na pr\u00f3b\u0119 determinacj\u0119 Zachodu. Nie wolno nam okazywa\u0107 s\u0142abo\u015bci\u201d \u2013 napisa\u0142a.<\/p>\n<p>Esto\u0144ski minister spraw zagranicznych Margus Tsahkna nazwa\u0142 incydent \u201ebezprecedensowo bezczelnym\u201d i zapowiedzia\u0142 zwi\u0119kszenie presji politycznej i gospodarczej na Rosj\u0119. Tallin wezwa\u0142 charg\u00e9 d\u2019affaires Federacji Rosyjskiej i z\u0142o\u017cy\u0142 oficjalny protest wraz z not\u0105 dyplomatyczn\u0105.<\/p>\n<h3><strong>Trump: \u201eTo\u00a0mo\u017ce oznacza\u0107 powa\u017cne k\u0142opoty\u201d<\/strong><\/h3>\n<p>Prezydent USA Donald Trump skomentowa\u0142 incydent, do\u00a0kt\u00f3rego dosz\u0142o w\u00a0pi\u0105tek, gdy rosyjskie my\u015bliwce MiG-31 naruszy\u0142y przestrze\u0144 powietrzn\u0105 Estonii.<\/p>\n<p>\u2013 To\u00a0mo\u017ce spowodowa\u0107 powa\u017cne problemy \u2013\u00a0powiedzia\u0142 podczas rozmowy z\u00a0dziennikarzami w\u00a0Bia\u0142ym Domu prezydent Stan\u00f3w Zjednoczonych. Trump zaznaczy\u0142 r\u00f3wnie\u017c, \u017ce\u00a0wkr\u00f3tce otrzyma szczeg\u00f3\u0142owy raport na\u00a0temat zdarzenia.<\/p>\n<p>\u2013\u00a0Wkr\u00f3tce przeka\u017c\u0105 mi szczeg\u00f3\u0142owe informacje, wi\u0119c dam wam zna\u0107 dzi\u015b wieczorem lub\u00a0jutro \u2013\u00a0doda\u0142. Prezydent podkre\u015bli\u0142 r\u00f3wnie\u017c, \u017ce\u00a0takie sytuacje s\u0105 niepokoj\u0105ce.<\/p>\n<p>\u2013\u00a0Nie\u00a0podoba mi si\u0119, kiedy tak si\u0119 dzieje. To\u00a0mo\u017ce oznacza\u0107 powa\u017cne k\u0142opoty \u2013\u00a0stwierdzi\u0142.<\/p>\n<p style=\"text-align: right\"><em>Na podst. i.Pl i AP<\/em><\/p>\n","protected":false},"excerpt":{"rendered":"<p>Trzy rosyjskie my\u015bliwce MiG-31 bez zezwolenia wlecia\u0142y w pi\u0105tek rano w esto\u0144sk\u0105 przestrze\u0144 powietrzn\u0105 \u2013 poinformowa\u0142y w\u0142adze w Tallinnie. Maszyny zosta\u0142y przechwycone przez samoloty NATO.&hellip;<\/p>\n","protected":false},"author":3,"featured_media":3975,"comment_status":"open","ping_status":"open","sticky":false,"template":"","format":"standard","meta":{"footnotes":""},"categories":[15,18],"tags":[],"class_list":["post-3974","post","type-post","status-publish","format-standard","has-post-thumbnail","hentry","category-swiat","category-top-news"],"_links":{"self":[{"href":"https:\/\/radiopoloniawinnipeg.com\/index.php\/wp-json\/wp\/v2\/posts\/3974","targetHints":{"allow":["GET"]}}],"collection":[{"href":"https:\/\/radiopoloniawinnipeg.com\/index.php\/wp-json\/wp\/v2\/posts"}],"about":[{"href":"https:\/\/radiopoloniawinnipeg.com\/index.php\/wp-json\/wp\/v2\/types\/post"}],"author":[{"embeddable":true,"href":"https:\/\/radiopoloniawinnipeg.com\/index.php\/wp-json\/wp\/v2\/users\/3"}],"replies":[{"embeddable":true,"href":"https:\/\/radiopoloniawinnipeg.com\/index.php\/wp-json\/wp\/v2\/comments?post=3974"}],"version-history":[{"count":0,"href":"https:\/\/radiopoloniawinnipeg.com\/index.php\/wp-json\/wp\/v2\/posts\/3974\/revisions"}],"wp:featuredmedia":[{"embeddable":true,"href":"https:\/\/radiopoloniawinnipeg.com\/index.php\/wp-json\/wp\/v2\/media\/3975"}],"wp:attachment":[{"href":"https:\/\/radiopoloniawinnipeg.com\/index.php\/wp-json\/wp\/v2\/media?parent=3974"}],"wp:term":[{"taxonomy":"category","embeddable":true,"href":"https:\/\/radiopoloniawinnipeg.com\/index.php\/wp-json\/wp\/v2\/categories?post=3974"},{"taxonomy":"post_tag","embeddable":true,"href":"https:\/\/radiopoloniawinnipeg.com\/index.php\/wp-json\/wp\/v2\/tags?post=3974"}],"curies":[{"name":"wp","href":"https:\/\/api.w.org\/{rel}","templated":true}]}}