{"id":3978,"date":"2025-09-20T16:30:06","date_gmt":"2025-09-20T20:30:06","guid":{"rendered":"https:\/\/radiopoloniawinnipeg.com\/index.php\/2025\/09\/20\/niemcy-zachwyceni-polska-gospodarka\/"},"modified":"2025-09-20T16:30:06","modified_gmt":"2025-09-20T20:30:06","slug":"niemcy-zachwyceni-polska-gospodarka","status":"publish","type":"post","link":"https:\/\/radiopoloniawinnipeg.com\/index.php\/2025\/09\/20\/niemcy-zachwyceni-polska-gospodarka\/","title":{"rendered":"Niemcy zachwyceni polsk\u0105 gospodark\u0105"},"content":{"rendered":"<p><img decoding=\"async\" loading=\"lazy\" class=\"aligncenter size-custom-full-size wp-image-223669\" src=\"https:\/\/bejsment.com\/wp-content\/uploads\/2025\/09\/aawarszawa-636x358.jpg\" alt=\"\" width=\"636\" height=\"358\" \/><\/p>\n<p><strong>Niemcy z uznaniem komentuj\u0105 stan polskiej gospodarki, podkre\u015blaj\u0105c, \u017ce Warszawa w szybkim tempie skraca dystans do najwi\u0119kszych pot\u0119g Unii Europejskiej.<\/strong><\/p>\n<p>Telewizja ARD zauwa\u017ca, \u017ce \u201epodczas gdy Niemcy pogr\u0105\u017cone s\u0105 w kryzysie gospodarczym, s\u0105siednia Polska odnosi sukcesy \u2013 tylko w ostatnim kwartale odnotowa\u0142a ponad trzyprocentowy wzrost PKB\u201d. Jak podkre\u015bla Christopher Fuss z agencji Germany Trade and Invest, polska gospodarka rozwija si\u0119 trzykrotnie szybciej ni\u017c \u015brednia unijna i trend ten utrzymuje si\u0119 od lat.<\/p>\n<p>Cho\u0107 pod wzgl\u0119dem ca\u0142kowitej si\u0142y gospodarczej Polska nadal pozostaje za Niemcami, to \u2013 jak podkre\u015bla ARD \u2013 r\u00f3\u017cnica wyra\u017anie si\u0119 zmniejsza. Fuss zwraca uwag\u0119 na aspiracje Polski do do\u0142\u0105czenia do grona europejskich lider\u00f3w oraz na otwarto\u015b\u0107 Polak\u00f3w wobec nowych technologii.<\/p>\n<p>Niemieckie media wskazuj\u0105, \u017ce Polska oferuje sprawn\u0105 administracj\u0119 cyfrow\u0105, co przyspiesza m.in. zak\u0142adanie start-up\u00f3w. \u201ePolska sta\u0142a si\u0119 popularn\u0105 lokalizacj\u0105 przemys\u0142ow\u0105\u201d \u2013 czytamy na stronach ARD.<\/p>\n<p>Thomas Obst z Instytutu Niemieckiej Gospodarki dodaje, \u017ce do Polski przyci\u0105gaj\u0105 firmy nie tylko ni\u017csze koszty, ale i rosn\u0105cy potencja\u0142 rynku. \u201eInwestuj\u0105 tu zar\u00f3wno polskie przedsi\u0119biorstwa \u015bredniej wielko\u015bci, jak i wiele firm zagranicznych \u2013 europejskich i ameryka\u0144skich\u201d \u2013 zaznacza ekonomista.<\/p>\n<p>Jak podkre\u015bla ARD, sukces gospodarczy Polski odzwierciedlaj\u0105 r\u00f3wnie\u017c wyniki warszawskiej gie\u0142dy \u2013 od pocz\u0105tku roku rynek akcji zyska\u0142 oko\u0142o 30 procent.<\/p>\n<p><em>Na podst. ARD, i.Pl<\/em><\/p>\n","protected":false},"excerpt":{"rendered":"<p>Niemcy z uznaniem komentuj\u0105 stan polskiej gospodarki, podkre\u015blaj\u0105c, \u017ce Warszawa w szybkim tempie skraca dystans do najwi\u0119kszych pot\u0119g Unii Europejskiej. Telewizja ARD zauwa\u017ca, \u017ce \u201epodczas&hellip;<\/p>\n","protected":false},"author":3,"featured_media":3979,"comment_status":"open","ping_status":"open","sticky":false,"template":"","format":"standard","meta":{"footnotes":""},"categories":[15,18],"tags":[],"class_list":["post-3978","post","type-post","status-publish","format-standard","has-post-thumbnail","hentry","category-swiat","category-top-news"],"_links":{"self":[{"href":"https:\/\/radiopoloniawinnipeg.com\/index.php\/wp-json\/wp\/v2\/posts\/3978","targetHints":{"allow":["GET"]}}],"collection":[{"href":"https:\/\/radiopoloniawinnipeg.com\/index.php\/wp-json\/wp\/v2\/posts"}],"about":[{"href":"https:\/\/radiopoloniawinnipeg.com\/index.php\/wp-json\/wp\/v2\/types\/post"}],"author":[{"embeddable":true,"href":"https:\/\/radiopoloniawinnipeg.com\/index.php\/wp-json\/wp\/v2\/users\/3"}],"replies":[{"embeddable":true,"href":"https:\/\/radiopoloniawinnipeg.com\/index.php\/wp-json\/wp\/v2\/comments?post=3978"}],"version-history":[{"count":0,"href":"https:\/\/radiopoloniawinnipeg.com\/index.php\/wp-json\/wp\/v2\/posts\/3978\/revisions"}],"wp:featuredmedia":[{"embeddable":true,"href":"https:\/\/radiopoloniawinnipeg.com\/index.php\/wp-json\/wp\/v2\/media\/3979"}],"wp:attachment":[{"href":"https:\/\/radiopoloniawinnipeg.com\/index.php\/wp-json\/wp\/v2\/media?parent=3978"}],"wp:term":[{"taxonomy":"category","embeddable":true,"href":"https:\/\/radiopoloniawinnipeg.com\/index.php\/wp-json\/wp\/v2\/categories?post=3978"},{"taxonomy":"post_tag","embeddable":true,"href":"https:\/\/radiopoloniawinnipeg.com\/index.php\/wp-json\/wp\/v2\/tags?post=3978"}],"curies":[{"name":"wp","href":"https:\/\/api.w.org\/{rel}","templated":true}]}}