{"id":4000,"date":"2025-09-22T08:15:07","date_gmt":"2025-09-22T12:15:07","guid":{"rendered":"https:\/\/radiopoloniawinnipeg.com\/index.php\/2025\/09\/22\/usa-incydent-podczas-mszy-z-udzialem-prezydenta-nawrockiego\/"},"modified":"2025-09-22T08:15:07","modified_gmt":"2025-09-22T12:15:07","slug":"usa-incydent-podczas-mszy-z-udzialem-prezydenta-nawrockiego","status":"publish","type":"post","link":"https:\/\/radiopoloniawinnipeg.com\/index.php\/2025\/09\/22\/usa-incydent-podczas-mszy-z-udzialem-prezydenta-nawrockiego\/","title":{"rendered":"USA &#8211; incydent podczas mszy z udzia\u0142em prezydenta Nawrockiego"},"content":{"rendered":"<p><img decoding=\"async\" loading=\"lazy\" class=\"aligncenter size-custom-full-size wp-image-223776\" src=\"https:\/\/bejsment.com\/wp-content\/uploads\/2025\/09\/aaprezydent4-636x424.jpg\" alt=\"\" width=\"636\" height=\"424\" \/><\/p>\n<p><strong>Podczas uroczysto\u015bci religijnych w Narodowym Sanktuarium Matki Bo\u017cej Cz\u0119stochowskiej w Doylestown (Pensylwania) dosz\u0142o do nietypowego incydentu. Z mszy \u015bwi\u0119tej, w kt\u00f3rej uczestniczy\u0142 prezydent Karol Nawrocki wraz z ma\u0142\u017conk\u0105 Mart\u0105, s\u0142u\u017cby wyprowadzi\u0142y m\u0119\u017cczyzn\u0119 przebranego w ornat. Okaza\u0142o si\u0119, \u017ce nie jest on duchownym.<\/strong><\/p>\n<p>Jak poinformowa\u0142 portal Fakt, m\u0119\u017cczyzna jest znany lokalnej Polonii i w przesz\u0142o\u015bci zak\u0142\u00f3ca\u0142 nabo\u017ce\u0144stwa, cho\u0107 po raz pierwszy pojawi\u0142 si\u0119 przebrany za ksi\u0119dza. Nie posiada\u0142 przy sobie niebezpiecznych przedmiot\u00f3w i nie stawia\u0142 oporu. Po kr\u00f3tkim przes\u0142uchaniu zosta\u0142 zwolniony do domu.<\/p>\n<blockquote class=\"twitter-tweet\" data-width=\"550\" data-dnt=\"true\">\n<p lang=\"pl\" dir=\"ltr\">Jaki\u015b przebieraniec na mszy z udzia\u0142em Pana Prezydenta <a href=\"https:\/\/twitter.com\/NawrockiKn?ref_src=twsrc%5Etfw\">@NawrockiKn<\/a> &#8211; na szcz\u0119\u015bcie zosta\u0142 wyproszony. Doylestown, USA. <a href=\"https:\/\/t.co\/mZdMyjMBzX\">pic.twitter.com\/mZdMyjMBzX<\/a><\/p>\n<p>&mdash; Andrzej Batorski (@Andrzej_Bator) <a href=\"https:\/\/twitter.com\/Andrzej_Bator\/status\/1969805637644087310?ref_src=twsrc%5Etfw\">September 21, 2025<\/a><\/p>\n<\/blockquote>\n<p>Niedzielna msza by\u0142a jednym z punkt\u00f3w rozpocz\u0119tej wizyty polskiej pary prezydenckiej w Stanach Zjednoczonych. Wcze\u015bniej Karol i Marta Nawroccy wzi\u0119li udzia\u0142 w ods\u0142oni\u0119ciu tablicy upami\u0119tniaj\u0105cej by\u0142ego premiera Jana Olszewskiego. W uroczysto\u015bciach uczestniczyli r\u00f3wnie\u017c m.in. Antoni Macierewicz i Jan Parys, ministrowie w jego rz\u0105dzie.<\/p>\n<p>Po po\u0142udniu prezydent spotka si\u0119 z przedstawicielami ameryka\u0144skiej Polonii i wr\u0119czy odznaczenia pa\u0144stwowe. Wraz z pierwsz\u0105 dam\u0105 z\u0142o\u017cy te\u017c wieniec pod Pomnikiem M\u015bciciela, po\u015bwi\u0119conym ofiarom zbrodni katy\u0144skiej, autorstwa rze\u017abiarza Andrzeja Pity\u0144skiego.<\/p>\n<p>W kolejnych dniach Karol Nawrocki uda si\u0119 do Nowego Jorku, gdzie we\u017amie udzia\u0142 w debacie generalnej 80. Sesji Zgromadzenia Og\u00f3lnego ONZ. \u2013 Pan prezydent wyg\u0142osi programowe wyst\u0105pienie o aktualnych wyzwaniach stoj\u0105cych przed \u015bwiatem, Polsk\u0105 i regionem \u2013 zapowiedzia\u0142 szef Biura Polityki Mi\u0119dzynarodowej Marcin Przydacz.<\/p>\n<p style=\"text-align: right\"><em>Na podst. Polsat News<\/em><\/p>\n","protected":false},"excerpt":{"rendered":"<p>Podczas uroczysto\u015bci religijnych w Narodowym Sanktuarium Matki Bo\u017cej Cz\u0119stochowskiej w Doylestown (Pensylwania) dosz\u0142o do nietypowego incydentu. Z mszy \u015bwi\u0119tej, w kt\u00f3rej uczestniczy\u0142 prezydent Karol Nawrocki&hellip;<\/p>\n","protected":false},"author":3,"featured_media":4001,"comment_status":"open","ping_status":"open","sticky":false,"template":"","format":"standard","meta":{"footnotes":""},"categories":[15,18],"tags":[],"class_list":["post-4000","post","type-post","status-publish","format-standard","has-post-thumbnail","hentry","category-swiat","category-top-news"],"_links":{"self":[{"href":"https:\/\/radiopoloniawinnipeg.com\/index.php\/wp-json\/wp\/v2\/posts\/4000","targetHints":{"allow":["GET"]}}],"collection":[{"href":"https:\/\/radiopoloniawinnipeg.com\/index.php\/wp-json\/wp\/v2\/posts"}],"about":[{"href":"https:\/\/radiopoloniawinnipeg.com\/index.php\/wp-json\/wp\/v2\/types\/post"}],"author":[{"embeddable":true,"href":"https:\/\/radiopoloniawinnipeg.com\/index.php\/wp-json\/wp\/v2\/users\/3"}],"replies":[{"embeddable":true,"href":"https:\/\/radiopoloniawinnipeg.com\/index.php\/wp-json\/wp\/v2\/comments?post=4000"}],"version-history":[{"count":0,"href":"https:\/\/radiopoloniawinnipeg.com\/index.php\/wp-json\/wp\/v2\/posts\/4000\/revisions"}],"wp:featuredmedia":[{"embeddable":true,"href":"https:\/\/radiopoloniawinnipeg.com\/index.php\/wp-json\/wp\/v2\/media\/4001"}],"wp:attachment":[{"href":"https:\/\/radiopoloniawinnipeg.com\/index.php\/wp-json\/wp\/v2\/media?parent=4000"}],"wp:term":[{"taxonomy":"category","embeddable":true,"href":"https:\/\/radiopoloniawinnipeg.com\/index.php\/wp-json\/wp\/v2\/categories?post=4000"},{"taxonomy":"post_tag","embeddable":true,"href":"https:\/\/radiopoloniawinnipeg.com\/index.php\/wp-json\/wp\/v2\/tags?post=4000"}],"curies":[{"name":"wp","href":"https:\/\/api.w.org\/{rel}","templated":true}]}}