{"id":4008,"date":"2025-09-22T16:30:09","date_gmt":"2025-09-22T20:30:09","guid":{"rendered":"https:\/\/radiopoloniawinnipeg.com\/index.php\/2025\/09\/22\/kim-dzong-un-stawia-warunki-liczy-na-rozmowy-z-usa\/"},"modified":"2025-09-22T16:30:09","modified_gmt":"2025-09-22T20:30:09","slug":"kim-dzong-un-stawia-warunki-liczy-na-rozmowy-z-usa","status":"publish","type":"post","link":"https:\/\/radiopoloniawinnipeg.com\/index.php\/2025\/09\/22\/kim-dzong-un-stawia-warunki-liczy-na-rozmowy-z-usa\/","title":{"rendered":"Kim Dzong Un stawia warunki. Liczy na rozmowy z USA"},"content":{"rendered":"<p><img decoding=\"async\" loading=\"lazy\" class=\"aligncenter size-custom-full-size wp-image-223796\" src=\"https:\/\/bejsment.com\/wp-content\/uploads\/2025\/09\/aakim4-636x358.jpg\" alt=\"\" width=\"636\" height=\"358\" \/><\/p>\n<p><strong>Przyw\u00f3dca Korei P\u00f3\u0142nocnej Kim Dzong Un ponownie skrytykowa\u0142 polityk\u0119 Stan\u00f3w Zjednoczonych wobec Pjongjangu, wzywaj\u0105c Waszyngton do porzucenia \u017c\u0105da\u0144 ca\u0142kowitej denuklearyzacji. Jednocze\u015bnie przyzna\u0142, \u017ce dobrze wspomina spotkania z Donaldem Trumpem i nie wyklucza rozm\u00f3w z USA \u2013 pod warunkiem zmiany podej\u015bcia przez Amerykan\u00f3w.<\/strong><\/p>\n<p>\u2013 \u015awiat ju\u017c dobrze wie, co robi\u0105 Stany Zjednoczone, zmuszaj\u0105c inne kraje do rozbrojenia. Nigdy nie z\u0142o\u017cymy broni j\u0105drowej\u2026 Nie b\u0119dzie \u017cadnych negocjacji, ani teraz, ani nigdy, w zamian za zniesienie sankcji \u2013 m\u00f3wi\u0142 Kim w wyst\u0105pieniu przed parlamentem w Pjongjangu, cytowanym w poniedzia\u0142ek przez pa\u0144stwowe media.<\/p>\n<p>Przyw\u00f3dca KRLD stwierdzi\u0142, \u017ce ma \u201edobre osobiste wspomnienia\u201d z czas\u00f3w pierwszych spotka\u0144 z Trumpem.<\/p>\n<p>\u2013 Nie ma powodu, by nie wznowi\u0107 rozm\u00f3w ze Stanami Zjednoczonymi, je\u015bli tylko porzuc\u0105 swoj\u0105 urojeniow\u0105 obsesj\u0119 na punkcie denuklearyzacji \u2013 doda\u0142.<\/p>\n<p>Kim podkre\u015bli\u0142 jednocze\u015bnie, \u017ce nie zamierza wraca\u0107 do dialogu z Kore\u0105 Po\u0142udniow\u0105, kt\u00f3r\u0105 okre\u015bli\u0142 jako \u201epermanentnego wroga\u201d. Stosunki z Seulem za\u0142ama\u0142y si\u0119 po fiasku drugiego szczytu z Trumpem w 2019 roku, a w ostatnich latach napi\u0119cia dodatkowo spot\u0119gowa\u0142y testy rakietowe i rozbudowa p\u00f3\u0142nocnokorea\u0144skiego arsena\u0142u nuklearnego.<\/p>\n<p>W ostatnich miesi\u0105cach Kim coraz mocniej wi\u0105\u017ce si\u0119 z Rosj\u0105 i Chinami. Wys\u0142a\u0142 do Moskwy tysi\u0105ce \u017co\u0142nierzy i du\u017ce ilo\u015bci sprz\u0119tu wojskowego, wspieraj\u0105c wojn\u0119 W\u0142adimira Putina na Ukrainie. Na pocz\u0105tku wrze\u015bnia pojawi\u0142 si\u0119 w Pekinie u boku Xi Jinpinga i Putina podczas parady wojskowej. Zdaniem ekspert\u00f3w, taka aktywno\u015b\u0107 ma wzmocni\u0107 pozycj\u0119 Kima przed ewentualnymi rozmowami z USA.<\/p>\n<p>Spekulacje o mo\u017cliwym powrocie do dialogu podsyca planowana wizyta Donalda Trumpa w Korei Po\u0142udniowej, gdzie ma wzi\u0105\u0107 udzia\u0142 w listopadowym szczycie APEC. Media sugeruj\u0105, \u017ce by\u0142y prezydent USA m\u00f3g\u0142by pr\u00f3bowa\u0107 powt\u00f3rzy\u0107 gest z 2019 roku i spotka\u0107 si\u0119 z Kimem na granicy mi\u0119dzykorea\u0144skiej.<\/p>\n<p>Tymczasem w Seulu rosn\u0105 obawy, \u017ce Korea Po\u0142udniowa mo\u017ce zosta\u0107 odsuni\u0119ta na boczny tor, je\u015bli Pjongjang i Waszyngton zdecyduj\u0105 si\u0119 na bezpo\u015brednie rozmowy.<\/p>\n<p style=\"text-align: right\"><em>Na podst. AP<\/em><\/p>\n","protected":false},"excerpt":{"rendered":"<p>Przyw\u00f3dca Korei P\u00f3\u0142nocnej Kim Dzong Un ponownie skrytykowa\u0142 polityk\u0119 Stan\u00f3w Zjednoczonych wobec Pjongjangu, wzywaj\u0105c Waszyngton do porzucenia \u017c\u0105da\u0144 ca\u0142kowitej denuklearyzacji. Jednocze\u015bnie przyzna\u0142, \u017ce dobrze wspomina&hellip;<\/p>\n","protected":false},"author":3,"featured_media":4009,"comment_status":"open","ping_status":"open","sticky":false,"template":"","format":"standard","meta":{"footnotes":""},"categories":[15,18],"tags":[],"class_list":["post-4008","post","type-post","status-publish","format-standard","has-post-thumbnail","hentry","category-swiat","category-top-news"],"_links":{"self":[{"href":"https:\/\/radiopoloniawinnipeg.com\/index.php\/wp-json\/wp\/v2\/posts\/4008","targetHints":{"allow":["GET"]}}],"collection":[{"href":"https:\/\/radiopoloniawinnipeg.com\/index.php\/wp-json\/wp\/v2\/posts"}],"about":[{"href":"https:\/\/radiopoloniawinnipeg.com\/index.php\/wp-json\/wp\/v2\/types\/post"}],"author":[{"embeddable":true,"href":"https:\/\/radiopoloniawinnipeg.com\/index.php\/wp-json\/wp\/v2\/users\/3"}],"replies":[{"embeddable":true,"href":"https:\/\/radiopoloniawinnipeg.com\/index.php\/wp-json\/wp\/v2\/comments?post=4008"}],"version-history":[{"count":0,"href":"https:\/\/radiopoloniawinnipeg.com\/index.php\/wp-json\/wp\/v2\/posts\/4008\/revisions"}],"wp:featuredmedia":[{"embeddable":true,"href":"https:\/\/radiopoloniawinnipeg.com\/index.php\/wp-json\/wp\/v2\/media\/4009"}],"wp:attachment":[{"href":"https:\/\/radiopoloniawinnipeg.com\/index.php\/wp-json\/wp\/v2\/media?parent=4008"}],"wp:term":[{"taxonomy":"category","embeddable":true,"href":"https:\/\/radiopoloniawinnipeg.com\/index.php\/wp-json\/wp\/v2\/categories?post=4008"},{"taxonomy":"post_tag","embeddable":true,"href":"https:\/\/radiopoloniawinnipeg.com\/index.php\/wp-json\/wp\/v2\/tags?post=4008"}],"curies":[{"name":"wp","href":"https:\/\/api.w.org\/{rel}","templated":true}]}}