{"id":4010,"date":"2025-09-22T18:15:06","date_gmt":"2025-09-22T22:15:06","guid":{"rendered":"https:\/\/radiopoloniawinnipeg.com\/index.php\/2025\/09\/22\/trump-laczy-autyzm-z-tylenolem\/"},"modified":"2025-09-22T18:15:06","modified_gmt":"2025-09-22T22:15:06","slug":"trump-laczy-autyzm-z-tylenolem","status":"publish","type":"post","link":"https:\/\/radiopoloniawinnipeg.com\/index.php\/2025\/09\/22\/trump-laczy-autyzm-z-tylenolem\/","title":{"rendered":"Trump \u0142\u0105czy autyzm z Tylenolem"},"content":{"rendered":"<p><strong>Prezydent USA Donald Trump o\u015bwiadczy\u0142 w poniedzia\u0142ek, \u017ce Agencja \u017bywno\u015bci i Lek\u00f3w (FDA) wyda wytyczne dla lekarzy, aby odradzali kobietom w ci\u0105\u017cy stosowanie leku Tylenol (acetaminofenu), poniewa\u017c mo\u017ce on zwi\u0119ksza\u0107 ryzyko wyst\u0105pienia autyzmu.<\/strong><br \/>\n\u201eBranie Tylenolu nie jest dobre. M\u00f3wi\u0119 to otwarcie \u2013 nie jest dobre\u201d \u2013 powiedzia\u0142 Trump. \u201eDlatego wyra\u017anie zaleca si\u0119 kobietom w ci\u0105\u017cy ograniczenie jego stosowania, chyba \u017ce istniej\u0105 ku temu istotne wskazania medyczne\u201d.<\/p>\n<p>Eksperci jednak podkre\u015blaj\u0105, \u017ce nie istniej\u0105 jednoznaczne badania \u0142\u0105cz\u0105ce Tylenol z autyzmem. Brytyjski urz\u0105d regulacyjny MHRA og\u0142osi\u0142 w poniedzia\u0142ek, \u017ce brak jest podstaw, by uznawa\u0107 paracetamol (czyli acetaminofen) za czynnik ryzyka i nadal rekomenduje jego u\u017cycie jako \u015brodka przeciwb\u00f3lowego w ci\u0105\u017cy.<\/p>\n<p>W poniedzia\u0142ek akcje producenta Tylenolu oraz firmy Kenvue KVUE.N spad\u0142y o 5,5%, a we wrze\u015bniu straci\u0142y ju\u017c 17%, po doniesieniach, \u017ce administracja USA wi\u0105\u017ce ten lek z autyzmem.<br \/>\nTrump w rozmowie z mediami dzie\u0144 wcze\u015bniej okre\u015bli\u0142 Tylenol jako \u201ekluczowy element\u201d wzrostu zachorowa\u0144 na autyzm. Wskaza\u0142 tak\u017ce, \u017ce jego wypowiedzi mog\u0105 by\u0107 rozumiane jako \u0142\u0105czenie tej choroby r\u00f3wnie\u017c ze szczepieniami.<br \/>\n\u201eWyra\u017anie istnieje co\u015b nienaturalnego, co\u015b bardzo z\u0142ego, i uwa\u017camy, \u017ce wiemy, co to jest\u201d \u2013 m\u00f3wi\u0142 prezydent w niedziel\u0119.<\/p>\n<p>Tylenol produkuje Kenvue \u2013 sp\u00f3\u0142ka wydzielona w 2023 roku z Johnson &amp; Johnson JNJ.N. W sprzeda\u017cy dost\u0119pne s\u0105 tak\u017ce wersje generyczne paracetamolu.<br \/>\n\u201eWed\u0142ug rzetelnych, niezale\u017cnych bada\u0144 paracetamol nie wywo\u0142uje autyzmu. Stanowczo odrzucamy inne twierdzenia i obawiamy si\u0119, \u017ce mog\u0105 one zagra\u017ca\u0107 zdrowiu kobiet w ci\u0105\u017cy\u201d \u2013 poda\u0142a firma.<\/p>\n<p>Od 2000 roku w USA wyra\u017anie ro\u015bnie liczba diagnoz autyzmu, co budzi coraz wi\u0119ksze obawy spo\u0142eczne. Dane CDC pokazuj\u0105, \u017ce w 2020 roku schorzenie to stwierdzano u 1 na 36 o\u015bmiolatk\u00f3w (2,77%), wobec 2,27% w 2018 r. i 0,66% na pocz\u0105tku wieku.<\/p>\n<p>Ameryka\u0144ski sekretarz zdrowia Robert F. Kennedy Jr. zapowiedzia\u0142, \u017ce ustali \u017ar\u00f3d\u0142o autyzmu i od dawna sugeruje jego mo\u017cliwy zwi\u0105zek ze szczepionkami. Twierdzi\u0142 te\u017c, \u017ce przyczyna musi wi\u0105za\u0107 si\u0119 z toksynami w \u015brodowisku.<\/p>\n","protected":false},"excerpt":{"rendered":"<p>Prezydent USA Donald Trump o\u015bwiadczy\u0142 w poniedzia\u0142ek, \u017ce Agencja \u017bywno\u015bci i Lek\u00f3w (FDA) wyda wytyczne dla lekarzy, aby odradzali kobietom w ci\u0105\u017cy stosowanie leku Tylenol&hellip;<\/p>\n","protected":false},"author":3,"featured_media":4011,"comment_status":"open","ping_status":"open","sticky":false,"template":"","format":"standard","meta":{"footnotes":""},"categories":[15,18],"tags":[],"class_list":["post-4010","post","type-post","status-publish","format-standard","has-post-thumbnail","hentry","category-swiat","category-top-news"],"_links":{"self":[{"href":"https:\/\/radiopoloniawinnipeg.com\/index.php\/wp-json\/wp\/v2\/posts\/4010","targetHints":{"allow":["GET"]}}],"collection":[{"href":"https:\/\/radiopoloniawinnipeg.com\/index.php\/wp-json\/wp\/v2\/posts"}],"about":[{"href":"https:\/\/radiopoloniawinnipeg.com\/index.php\/wp-json\/wp\/v2\/types\/post"}],"author":[{"embeddable":true,"href":"https:\/\/radiopoloniawinnipeg.com\/index.php\/wp-json\/wp\/v2\/users\/3"}],"replies":[{"embeddable":true,"href":"https:\/\/radiopoloniawinnipeg.com\/index.php\/wp-json\/wp\/v2\/comments?post=4010"}],"version-history":[{"count":0,"href":"https:\/\/radiopoloniawinnipeg.com\/index.php\/wp-json\/wp\/v2\/posts\/4010\/revisions"}],"wp:featuredmedia":[{"embeddable":true,"href":"https:\/\/radiopoloniawinnipeg.com\/index.php\/wp-json\/wp\/v2\/media\/4011"}],"wp:attachment":[{"href":"https:\/\/radiopoloniawinnipeg.com\/index.php\/wp-json\/wp\/v2\/media?parent=4010"}],"wp:term":[{"taxonomy":"category","embeddable":true,"href":"https:\/\/radiopoloniawinnipeg.com\/index.php\/wp-json\/wp\/v2\/categories?post=4010"},{"taxonomy":"post_tag","embeddable":true,"href":"https:\/\/radiopoloniawinnipeg.com\/index.php\/wp-json\/wp\/v2\/tags?post=4010"}],"curies":[{"name":"wp","href":"https:\/\/api.w.org\/{rel}","templated":true}]}}