{"id":4012,"date":"2025-09-22T20:15:07","date_gmt":"2025-09-23T00:15:07","guid":{"rendered":"https:\/\/radiopoloniawinnipeg.com\/index.php\/2025\/09\/22\/zhang-zhan-ponownie-skazana-za-mowienie-o-covid-19\/"},"modified":"2025-09-22T20:15:07","modified_gmt":"2025-09-23T00:15:07","slug":"zhang-zhan-ponownie-skazana-za-mowienie-o-covid-19","status":"publish","type":"post","link":"https:\/\/radiopoloniawinnipeg.com\/index.php\/2025\/09\/22\/zhang-zhan-ponownie-skazana-za-mowienie-o-covid-19\/","title":{"rendered":"Zhang Zhan ponownie skazana za m\u00f3wienie o COVID-19"},"content":{"rendered":"<div id=\"attachment_223787\" style=\"width: 646px\" class=\"wp-caption aligncenter\"><img decoding=\"async\" loading=\"lazy\" aria-describedby=\"caption-attachment-223787\" class=\"size-custom-full-size wp-image-223787\" src=\"https:\/\/bejsment.com\/wp-content\/uploads\/2025\/09\/aazahgzahg-636x425.jpg\" alt=\"\" width=\"636\" height=\"425\" \/><\/p>\n<p id=\"caption-attachment-223787\" class=\"wp-caption-text\">Zhang Zhan<\/p>\n<\/div>\n<p><strong>Chi\u0144ska dziennikarka Zhang Zhan, kt\u00f3ra relacjonowa\u0142a pocz\u0105tki pandemii COVID-19 w Wuhan, zosta\u0142a w pi\u0105tek skazana na kolejne cztery lata wi\u0119zienia. O wyroku poinformowa\u0142a organizacja Reporterzy bez Granic (RSF).<\/strong><\/p>\n<p>To ju\u017c druga kara dla 42-letniej reporterki \u2013 w grudniu 2020 roku s\u0105d na\u0142o\u017cy\u0142 na ni\u0105 identyczny wyrok za \u201ewszczynanie k\u0142\u00f3tni i wywo\u0142ywanie problem\u00f3w\u201d. Zhang publikowa\u0142a w internecie nagrania z zat\u0142oczonych szpitali i pustych ulic Wuhan, podwa\u017caj\u0105c oficjaln\u0105 narracj\u0119 w\u0142adz o skali epidemii.<\/p>\n<p>Po wyj\u015bciu na wolno\u015b\u0107 w maju 2024 roku Zhang zaledwie trzy miesi\u0105ce p\u00f3\u017aniej zn\u00f3w trafi\u0142a do aresztu. Obecnie przebywa w o\u015brodku detencyjnym w Szanghaju. Wed\u0142ug RSF, nowy wyrok wi\u0105\u017ce si\u0119 z jej komentarzami na zagranicznych portalach, w kt\u00f3rych krytykowa\u0142a \u0142amanie praw cz\u0142owieka w Chinach.<\/p>\n<p>\u2013 Ona powinna by\u0107 uznana za bohaterk\u0119, a nie trzymana w brutalnych warunkach wi\u0119ziennych \u2013 podkre\u015bli\u0142a Aleksandra Bielakowska z RSF. \u2013 Spo\u0142eczno\u015b\u0107 mi\u0119dzynarodowa powinna wywiera\u0107 presj\u0119 na Pekin, aby natychmiast j\u0105 uwolni\u0142 \u2013 doda\u0142a.<\/p>\n<p>Krytycznie wypowiedzia\u0142 si\u0119 r\u00f3wnie\u017c Komitet Ochrony Dziennikarzy.<\/p>\n<p>\u2013 To ju\u017c drugi raz, kiedy Zhang zosta\u0142a os\u0105dzona na podstawie bezpodstawnych zarzut\u00f3w, b\u0119d\u0105cych jawnym aktem prze\u015bladowania za jej prac\u0119 \u2013 powiedzia\u0142a Beh Lih Yi, dyrektorka CPJ na region Azji i Pacyfiku.<\/p>\n<p>Chiny pozostaj\u0105 jednym z najbardziej represyjnych pa\u0144stw wobec medi\u00f3w. Wed\u0142ug RSF w chi\u0144skich wi\u0119zieniach przebywa obecnie co najmniej 124 dziennikarzy. W \u015awiatowym Indeksie Wolno\u015bci Prasy za 2025 rok kraj znalaz\u0142 si\u0119 na 178. miejscu spo\u015br\u00f3d 180 ocenianych.<\/p>\n<p style=\"text-align: right\"><em>Na podst. i.Pl<\/em><\/p>\n","protected":false},"excerpt":{"rendered":"<p>Zhang Zhan Chi\u0144ska dziennikarka Zhang Zhan, kt\u00f3ra relacjonowa\u0142a pocz\u0105tki pandemii COVID-19 w Wuhan, zosta\u0142a w pi\u0105tek skazana na kolejne cztery lata wi\u0119zienia. O wyroku poinformowa\u0142a&hellip;<\/p>\n","protected":false},"author":3,"featured_media":4013,"comment_status":"open","ping_status":"open","sticky":false,"template":"","format":"standard","meta":{"footnotes":""},"categories":[15,18],"tags":[],"class_list":["post-4012","post","type-post","status-publish","format-standard","has-post-thumbnail","hentry","category-swiat","category-top-news"],"_links":{"self":[{"href":"https:\/\/radiopoloniawinnipeg.com\/index.php\/wp-json\/wp\/v2\/posts\/4012","targetHints":{"allow":["GET"]}}],"collection":[{"href":"https:\/\/radiopoloniawinnipeg.com\/index.php\/wp-json\/wp\/v2\/posts"}],"about":[{"href":"https:\/\/radiopoloniawinnipeg.com\/index.php\/wp-json\/wp\/v2\/types\/post"}],"author":[{"embeddable":true,"href":"https:\/\/radiopoloniawinnipeg.com\/index.php\/wp-json\/wp\/v2\/users\/3"}],"replies":[{"embeddable":true,"href":"https:\/\/radiopoloniawinnipeg.com\/index.php\/wp-json\/wp\/v2\/comments?post=4012"}],"version-history":[{"count":0,"href":"https:\/\/radiopoloniawinnipeg.com\/index.php\/wp-json\/wp\/v2\/posts\/4012\/revisions"}],"wp:featuredmedia":[{"embeddable":true,"href":"https:\/\/radiopoloniawinnipeg.com\/index.php\/wp-json\/wp\/v2\/media\/4013"}],"wp:attachment":[{"href":"https:\/\/radiopoloniawinnipeg.com\/index.php\/wp-json\/wp\/v2\/media?parent=4012"}],"wp:term":[{"taxonomy":"category","embeddable":true,"href":"https:\/\/radiopoloniawinnipeg.com\/index.php\/wp-json\/wp\/v2\/categories?post=4012"},{"taxonomy":"post_tag","embeddable":true,"href":"https:\/\/radiopoloniawinnipeg.com\/index.php\/wp-json\/wp\/v2\/tags?post=4012"}],"curies":[{"name":"wp","href":"https:\/\/api.w.org\/{rel}","templated":true}]}}