{"id":4016,"date":"2025-09-23T08:15:06","date_gmt":"2025-09-23T12:15:06","guid":{"rendered":"https:\/\/radiopoloniawinnipeg.com\/index.php\/2025\/09\/23\/wlochy-sparalizowane-protestami\/"},"modified":"2025-09-23T08:15:06","modified_gmt":"2025-09-23T12:15:06","slug":"wlochy-sparalizowane-protestami","status":"publish","type":"post","link":"https:\/\/radiopoloniawinnipeg.com\/index.php\/2025\/09\/23\/wlochy-sparalizowane-protestami\/","title":{"rendered":"W\u0142ochy sparali\u017cowane protestami"},"content":{"rendered":"<p><img decoding=\"async\" loading=\"lazy\" class=\"aligncenter size-custom-full-size wp-image-223888\" src=\"https:\/\/bejsment.com\/wp-content\/uploads\/2025\/09\/aawlochyprotesty-636x349.jpg\" alt=\"\" width=\"636\" height=\"349\" \/><\/p>\n<p><strong>Poniedzia\u0142ek we W\u0142oszech up\u0142yn\u0105\u0142 pod znakiem demonstracji solidarno\u015bci z mieszka\u0144cami Strefy Gazy i sprzeciwu wobec polityki premier Giorgii Meloni. Manifestacje odby\u0142y si\u0119 w oko\u0142o 80 miastach, w tym w Rzymie, Mediolanie, Trie\u015bcie i Bolonii. Organizatorzy, g\u0142\u00f3wnie lewicowe zwi\u0105zki i organizacje, og\u0142osili ca\u0142odobowy strajk generalny, zapowiadaj\u0105c, \u017ce chc\u0105 \u201ezatrzyma\u0107 ca\u0142y kraj\u201d.<\/strong><\/p>\n<p>Najwi\u0119ksze zgromadzenie mia\u0142o miejsce w stolicy, gdzie wed\u0142ug Rai News protestowa\u0142o ok. 30 tys. os\u00f3b. Tam jednak nie dosz\u0142o do powa\u017cniejszych incydent\u00f3w. Zupe\u0142nie inaczej wygl\u0105da\u0142a sytuacja w Mediolanie, gdzie kilkuset demonstrant\u00f3w szturmowa\u0142o dworzec Milano Centrale. Uczestnicy zamieszek rzucali ci\u0119\u017ckimi przedmiotami i \u015bwiecami dymnymi, policja odpowiedzia\u0142a armatkami wodnymi. Z powodu protest\u00f3w wstrzymano kursowanie jednej linii metra, a uczniowie jednego z lice\u00f3w okupowali szko\u0142\u0119.<\/p>\n<p>W Bolonii manifestanci weszli na obwodnic\u0119 i zablokowali autostrad\u0119 A14, w Trie\u015bcie dochodzi\u0142o do star\u0107 z policj\u0105, kt\u00f3ra u\u017cy\u0142a gazu \u0142zawi\u0105cego. W Neapolu spalono zdj\u0119cia premier\u00f3w W\u0142och i Izraela, a w Margherze funkcjonariusze rozpraszali t\u0142um strumieniami wody. W Genui tysi\u0105ce os\u00f3b zablokowa\u0142y bramy portu, a w Turynie utrudniono ruch drogowy i prac\u0119 transportu publicznego.<\/p>\n<p>\u201eZatrzyma\u0107 ludob\u00f3jstwo, wolna Palestyna, zatrzymajmy machin\u0119 wojenn\u0105\u201d \u2013 to has\u0142a, kt\u00f3re dominowa\u0142y na transparentach. Do strajku nie przy\u0142\u0105czy\u0142y si\u0119 trzy najwi\u0119ksze centrale zwi\u0105zkowe CGIL, CISL i UIL, ale organizatorzy podkre\u015blaj\u0105, \u017ce mobilizacja i tak by\u0142a rekordowa.<\/p>\n<p style=\"text-align: right\"><em>Na podst. Polsat News<\/em><\/p>\n","protected":false},"excerpt":{"rendered":"<p>Poniedzia\u0142ek we W\u0142oszech up\u0142yn\u0105\u0142 pod znakiem demonstracji solidarno\u015bci z mieszka\u0144cami Strefy Gazy i sprzeciwu wobec polityki premier Giorgii Meloni. Manifestacje odby\u0142y si\u0119 w oko\u0142o 80&hellip;<\/p>\n","protected":false},"author":3,"featured_media":4017,"comment_status":"open","ping_status":"open","sticky":false,"template":"","format":"standard","meta":{"footnotes":""},"categories":[15,18],"tags":[],"class_list":["post-4016","post","type-post","status-publish","format-standard","has-post-thumbnail","hentry","category-swiat","category-top-news"],"_links":{"self":[{"href":"https:\/\/radiopoloniawinnipeg.com\/index.php\/wp-json\/wp\/v2\/posts\/4016","targetHints":{"allow":["GET"]}}],"collection":[{"href":"https:\/\/radiopoloniawinnipeg.com\/index.php\/wp-json\/wp\/v2\/posts"}],"about":[{"href":"https:\/\/radiopoloniawinnipeg.com\/index.php\/wp-json\/wp\/v2\/types\/post"}],"author":[{"embeddable":true,"href":"https:\/\/radiopoloniawinnipeg.com\/index.php\/wp-json\/wp\/v2\/users\/3"}],"replies":[{"embeddable":true,"href":"https:\/\/radiopoloniawinnipeg.com\/index.php\/wp-json\/wp\/v2\/comments?post=4016"}],"version-history":[{"count":0,"href":"https:\/\/radiopoloniawinnipeg.com\/index.php\/wp-json\/wp\/v2\/posts\/4016\/revisions"}],"wp:featuredmedia":[{"embeddable":true,"href":"https:\/\/radiopoloniawinnipeg.com\/index.php\/wp-json\/wp\/v2\/media\/4017"}],"wp:attachment":[{"href":"https:\/\/radiopoloniawinnipeg.com\/index.php\/wp-json\/wp\/v2\/media?parent=4016"}],"wp:term":[{"taxonomy":"category","embeddable":true,"href":"https:\/\/radiopoloniawinnipeg.com\/index.php\/wp-json\/wp\/v2\/categories?post=4016"},{"taxonomy":"post_tag","embeddable":true,"href":"https:\/\/radiopoloniawinnipeg.com\/index.php\/wp-json\/wp\/v2\/tags?post=4016"}],"curies":[{"name":"wp","href":"https:\/\/api.w.org\/{rel}","templated":true}]}}