{"id":4026,"date":"2025-09-23T16:30:10","date_gmt":"2025-09-23T20:30:10","guid":{"rendered":"https:\/\/radiopoloniawinnipeg.com\/index.php\/2025\/09\/23\/drony-sparalizowaly-ruch-lotniczy-w-kopenhadze-i-oslo\/"},"modified":"2025-09-23T16:30:10","modified_gmt":"2025-09-23T20:30:10","slug":"drony-sparalizowaly-ruch-lotniczy-w-kopenhadze-i-oslo","status":"publish","type":"post","link":"https:\/\/radiopoloniawinnipeg.com\/index.php\/2025\/09\/23\/drony-sparalizowaly-ruch-lotniczy-w-kopenhadze-i-oslo\/","title":{"rendered":"Drony sparali\u017cowa\u0142y ruch lotniczy w Kopenhadze i Oslo"},"content":{"rendered":"<p><img decoding=\"async\" loading=\"lazy\" class=\"aligncenter size-custom-full-size wp-image-223903\" src=\"https:\/\/bejsment.com\/wp-content\/uploads\/2025\/09\/aadrony3-636x358.jpg\" alt=\"\" width=\"636\" height=\"358\" \/><\/p>\n<p><strong>W poniedzia\u0142kowy wiecz\u00f3r dosz\u0142o do powa\u017cnych incydent\u00f3w na dw\u00f3ch skandynawskich lotniskach. Po godz. 20:00 w Kopenhadze wykryto w pobli\u017cu portu lotniczego kilka du\u017cych dron\u00f3w, co doprowadzi\u0142o do ca\u0142kowitego wstrzymania ruchu na cztery godziny. Przyloty i odloty wznowiono dopiero po p\u00f3\u0142nocy, ale wci\u0105\u017c mo\u017cliwe s\u0105 op\u00f3\u017anienia i odwo\u0142ania lot\u00f3w.<\/strong><\/p>\n<p>\u2013 Zaobserwowali\u015bmy dwa lub trzy du\u017ce drony. Znikn\u0119\u0142y same i nie wiemy, sk\u0105d pochodzi\u0142y ani dok\u0105d odlecia\u0142y \u2013 powiedzia\u0142 Jakob Hansen z du\u0144skiej policji. Trwa \u015bledztwo w sprawie incydentu.<\/p>\n<p>Niemal r\u00f3wnolegle ruch wstrzymano tak\u017ce na lotnisku Gardemoen w Oslo. Norweska policja poinformowa\u0142a o aresztowaniu dw\u00f3ch cudzoziemc\u00f3w, kt\u00f3rzy mieli sterowa\u0107 dronami nad stref\u0105 zamkni\u0119t\u0105. Media podaj\u0105, \u017ce bezza\u0142ogowce pojawi\u0142y si\u0119 m.in. nad Twierdz\u0105 Akershus \u2013 historyczn\u0105 warowni\u0105, w kt\u00f3rej odbywaj\u0105 si\u0119 oficjalne spotkania rz\u0105du. Na razie nie ma dowod\u00f3w na powi\u0105zanie zdarze\u0144 w Norwegii i Danii, cho\u0107 s\u0142u\u017cby obu kraj\u00f3w zapowiedzia\u0142y wsp\u00f3\u0142prac\u0119.<\/p>\n<p>Seria incydent\u00f3w z dronami budzi szczeg\u00f3lny niepok\u00f3j w kontek\u015bcie ostatnich narusze\u0144 przestrzeni powietrznej pa\u0144stw NATO przez Rosj\u0119. Zaledwie dwa tygodnie temu w polsk\u0105 przestrze\u0144 wlecia\u0142o 21 rosyjskich dron\u00f3w, a kilka dni temu rosyjskie my\u015bliwce wtargn\u0119\u0142y nad Estoni\u0119. Tallin zwr\u00f3ci\u0142 si\u0119 do NATO o konsultacje w ramach artyku\u0142u 4, a tak\u017ce o nadzwyczajne posiedzenie Rady Bezpiecze\u0144stwa ONZ.<\/p>\n<p style=\"text-align: right\"><em>Na podst. Polsat News<\/em><\/p>\n","protected":false},"excerpt":{"rendered":"<p>W poniedzia\u0142kowy wiecz\u00f3r dosz\u0142o do powa\u017cnych incydent\u00f3w na dw\u00f3ch skandynawskich lotniskach. Po godz. 20:00 w Kopenhadze wykryto w pobli\u017cu portu lotniczego kilka du\u017cych dron\u00f3w, co&hellip;<\/p>\n","protected":false},"author":3,"featured_media":4027,"comment_status":"open","ping_status":"open","sticky":false,"template":"","format":"standard","meta":{"footnotes":""},"categories":[15,18],"tags":[],"class_list":["post-4026","post","type-post","status-publish","format-standard","has-post-thumbnail","hentry","category-swiat","category-top-news"],"_links":{"self":[{"href":"https:\/\/radiopoloniawinnipeg.com\/index.php\/wp-json\/wp\/v2\/posts\/4026","targetHints":{"allow":["GET"]}}],"collection":[{"href":"https:\/\/radiopoloniawinnipeg.com\/index.php\/wp-json\/wp\/v2\/posts"}],"about":[{"href":"https:\/\/radiopoloniawinnipeg.com\/index.php\/wp-json\/wp\/v2\/types\/post"}],"author":[{"embeddable":true,"href":"https:\/\/radiopoloniawinnipeg.com\/index.php\/wp-json\/wp\/v2\/users\/3"}],"replies":[{"embeddable":true,"href":"https:\/\/radiopoloniawinnipeg.com\/index.php\/wp-json\/wp\/v2\/comments?post=4026"}],"version-history":[{"count":0,"href":"https:\/\/radiopoloniawinnipeg.com\/index.php\/wp-json\/wp\/v2\/posts\/4026\/revisions"}],"wp:featuredmedia":[{"embeddable":true,"href":"https:\/\/radiopoloniawinnipeg.com\/index.php\/wp-json\/wp\/v2\/media\/4027"}],"wp:attachment":[{"href":"https:\/\/radiopoloniawinnipeg.com\/index.php\/wp-json\/wp\/v2\/media?parent=4026"}],"wp:term":[{"taxonomy":"category","embeddable":true,"href":"https:\/\/radiopoloniawinnipeg.com\/index.php\/wp-json\/wp\/v2\/categories?post=4026"},{"taxonomy":"post_tag","embeddable":true,"href":"https:\/\/radiopoloniawinnipeg.com\/index.php\/wp-json\/wp\/v2\/tags?post=4026"}],"curies":[{"name":"wp","href":"https:\/\/api.w.org\/{rel}","templated":true}]}}