{"id":4036,"date":"2025-09-24T08:30:09","date_gmt":"2025-09-24T12:30:09","guid":{"rendered":"https:\/\/radiopoloniawinnipeg.com\/index.php\/2025\/09\/24\/carney-w-onz-kanada-ma-nowe-mozliwosci\/"},"modified":"2025-09-24T08:30:09","modified_gmt":"2025-09-24T12:30:09","slug":"carney-w-onz-kanada-ma-nowe-mozliwosci","status":"publish","type":"post","link":"https:\/\/radiopoloniawinnipeg.com\/index.php\/2025\/09\/24\/carney-w-onz-kanada-ma-nowe-mozliwosci\/","title":{"rendered":"Carney w ONZ: Kanada ma nowe mo\u017cliwo\u015bci"},"content":{"rendered":"<p><img decoding=\"async\" loading=\"lazy\" class=\"aligncenter size-custom-full-size wp-image-223966\" src=\"https:\/\/bejsment.com\/wp-content\/uploads\/2025\/09\/aacarneyonz-636x428.jpg\" alt=\"\" width=\"636\" height=\"428\" \/><\/p>\n<p><strong>Premier Kanady Mark Carney oceni\u0142, \u017ce udzia\u0142 jego kraju w tegorocznym Zgromadzeniu Og\u00f3lnym ONZ otworzy\u0142 wiele nowych mo\u017cliwo\u015bci dla dyplomacji i gospodarki. Podkre\u015bli\u0142, \u017ce Kanada powinna wykorzystywa\u0107 p\u0119kni\u0119cia w globalnym porz\u0105dku jako szans\u0119 na wzmocnienie swojej pozycji.<\/strong><\/p>\n<p>\u2013 Po mojej wizycie w ONZ mog\u0119 zapewni\u0107 Kanadyjczyk\u00f3w, \u017ce istnieje \u015bwiat\u0142o, istniej\u0105 liczne mo\u017cliwo\u015bci \u2013 powiedzia\u0142 Carney we wtorek w Nowym Jorku.<\/p>\n<p>Jego s\u0142owa kontrastowa\u0142y z wyst\u0105pieniem prezydenta USA Donalda Trumpa, kt\u00f3ry podczas 80. sesji Zgromadzenia Og\u00f3lnego ponownie wyrazi\u0142 sceptycyzm wobec multilateralizmu. Trump krytykowa\u0142 ONZ za \u201epuste s\u0142owa\u201d, kwestionowa\u0142 sens istnienia organizacji i uderza\u0142 w polityk\u0119 uznania Palestyny \u2013 w tym tak\u017ce polityk\u0119 Kanady. Prezydent narzeka\u0142 nawet na techniczne usterki podczas wyst\u0105pienia, m\u00f3wi\u0105c, \u017ce od ONZ otrzyma\u0142 \u201ezepsute schody ruchome i zepsuty TelePrompTer\u201d.<\/p>\n<p>Mimo ostrego tonu, Trump p\u00f3\u017aniej zapewnia\u0142, \u017ce popiera ONZ ze wzgl\u0119du na jej \u201eogromny potencja\u0142 pokojowy\u201d. Wcze\u015bniej jednak ograniczy\u0142 zaanga\u017cowanie USA, m.in. wycofuj\u0105c si\u0119 z Rady Praw Cz\u0142owieka i zamra\u017caj\u0105c finansowanie.<\/p>\n<p>Carney, cho\u0107 nie spotka\u0142 si\u0119 bezpo\u015brednio z Trumpem, bra\u0142 udzia\u0142 w przyj\u0119ciu dla \u015bwiatowych przyw\u00f3dc\u00f3w i odby\u0142 szereg rozm\u00f3w bilateralnych.<\/p>\n<p>Spotka\u0142 si\u0119 z liderami z Azji, Afryki, Europy, Ameryki \u0141aci\u0144skiej i Karaib\u00f3w, staraj\u0105c si\u0119 rozwija\u0107 nowe kierunki wsp\u00f3\u0142pracy handlowej w obliczu ameryka\u0144skich ce\u0142. Szczeg\u00f3ln\u0105 wag\u0119 przywi\u0105za\u0142 do dialogu z premierem Chin Li Qiangiem, wskazuj\u0105c na szans\u0119 \u201eodrodzenia partnerstwa\u201d po okresie napi\u0119\u0107 zwi\u0105zanych z wojn\u0105 handlow\u0105 i wzajemnymi c\u0142ami.<\/p>\n<p>Przed powrotem do Kanady Carney ma jeszcze wzi\u0105\u0107 udzia\u0142 w szczycie ONZ dotycz\u0105cym zr\u00f3wnowa\u017conej i odpornej gospodarki oraz spotka\u0107 si\u0119 z premierem Jamajki.<\/p>\n<p style=\"text-align: right\"><em>Na podst. Canadian Press<\/em><\/p>\n","protected":false},"excerpt":{"rendered":"<p>Premier Kanady Mark Carney oceni\u0142, \u017ce udzia\u0142 jego kraju w tegorocznym Zgromadzeniu Og\u00f3lnym ONZ otworzy\u0142 wiele nowych mo\u017cliwo\u015bci dla dyplomacji i gospodarki. Podkre\u015bli\u0142, \u017ce Kanada&hellip;<\/p>\n","protected":false},"author":3,"featured_media":4037,"comment_status":"open","ping_status":"open","sticky":false,"template":"","format":"standard","meta":{"footnotes":""},"categories":[15,18],"tags":[],"class_list":["post-4036","post","type-post","status-publish","format-standard","has-post-thumbnail","hentry","category-swiat","category-top-news"],"_links":{"self":[{"href":"https:\/\/radiopoloniawinnipeg.com\/index.php\/wp-json\/wp\/v2\/posts\/4036","targetHints":{"allow":["GET"]}}],"collection":[{"href":"https:\/\/radiopoloniawinnipeg.com\/index.php\/wp-json\/wp\/v2\/posts"}],"about":[{"href":"https:\/\/radiopoloniawinnipeg.com\/index.php\/wp-json\/wp\/v2\/types\/post"}],"author":[{"embeddable":true,"href":"https:\/\/radiopoloniawinnipeg.com\/index.php\/wp-json\/wp\/v2\/users\/3"}],"replies":[{"embeddable":true,"href":"https:\/\/radiopoloniawinnipeg.com\/index.php\/wp-json\/wp\/v2\/comments?post=4036"}],"version-history":[{"count":0,"href":"https:\/\/radiopoloniawinnipeg.com\/index.php\/wp-json\/wp\/v2\/posts\/4036\/revisions"}],"wp:featuredmedia":[{"embeddable":true,"href":"https:\/\/radiopoloniawinnipeg.com\/index.php\/wp-json\/wp\/v2\/media\/4037"}],"wp:attachment":[{"href":"https:\/\/radiopoloniawinnipeg.com\/index.php\/wp-json\/wp\/v2\/media?parent=4036"}],"wp:term":[{"taxonomy":"category","embeddable":true,"href":"https:\/\/radiopoloniawinnipeg.com\/index.php\/wp-json\/wp\/v2\/categories?post=4036"},{"taxonomy":"post_tag","embeddable":true,"href":"https:\/\/radiopoloniawinnipeg.com\/index.php\/wp-json\/wp\/v2\/tags?post=4036"}],"curies":[{"name":"wp","href":"https:\/\/api.w.org\/{rel}","templated":true}]}}