{"id":4044,"date":"2025-09-24T12:30:06","date_gmt":"2025-09-24T16:30:06","guid":{"rendered":"https:\/\/radiopoloniawinnipeg.com\/index.php\/2025\/09\/24\/prezydent-nawrocki-w-onz-polska-gotowa-bronic-swojego-terytorium-i-zasad-porzadku-swiatowego\/"},"modified":"2025-09-24T12:30:06","modified_gmt":"2025-09-24T16:30:06","slug":"prezydent-nawrocki-w-onz-polska-gotowa-bronic-swojego-terytorium-i-zasad-porzadku-swiatowego","status":"publish","type":"post","link":"https:\/\/radiopoloniawinnipeg.com\/index.php\/2025\/09\/24\/prezydent-nawrocki-w-onz-polska-gotowa-bronic-swojego-terytorium-i-zasad-porzadku-swiatowego\/","title":{"rendered":"Prezydent Nawrocki w ONZ: Polska gotowa broni\u0107 swojego terytorium i zasad porz\u0105dku \u015bwiatowego"},"content":{"rendered":"<p><img decoding=\"async\" loading=\"lazy\" class=\"aligncenter size-custom-full-size wp-image-223988\" src=\"https:\/\/bejsment.com\/wp-content\/uploads\/2025\/09\/aanawrockionz2-636x429.jpg\" alt=\"\" width=\"636\" height=\"429\" \/><\/p>\n<p><strong>Polska zawsze b\u0119dzie odpowiednio reagowa\u0107 i jest gotowa do obrony swojego terytorium \u2013 zadeklarowa\u0142 prezydent Karol Nawrocki podczas debaty generalnej 80. sesji Zgromadzenia Og\u00f3lnego ONZ w Nowym Jorku. Jak podkre\u015bli\u0142, nie ma zgody na prowokacje Moskwy wobec Polski i innych narod\u00f3w Europy. \u2013 Stoimy w punkcie zwrotnym historii \u2013 m\u00f3wi\u0142.<\/strong><\/p>\n<p>Nawrocki oceni\u0142, \u017ce rosyjska inwazja na Ukrain\u0119 ca\u0142kowicie zmieni\u0142a \u015bwiat, podwa\u017caj\u0105c nienaruszalno\u015b\u0107 granic i fundamenty prawa mi\u0119dzynarodowego. Jego zdaniem wojna nie jest konfliktem regionalnym, lecz sprawdzianem, czy zasady ONZ przetrwaj\u0105 pr\u00f3b\u0119 czasu, czy ust\u0105pi\u0105 imperialnym ambicjom Rosji.<\/p>\n<p>\u2013 To ostatni moment na podj\u0119cie dzia\u0142a\u0144 \u2013 ostrzeg\u0142.<\/p>\n<p>Przypomnia\u0142 te\u017c solidarno\u015b\u0107 Polak\u00f3w z Ukrain\u0105 \u2013 od otwarcia granic i dom\u00f3w po wsparcie militarne i dyplomatyczne.<\/p>\n<p>\u2013 Niestety, wiatr historii zn\u00f3w wieje ze Wschodu \u2013 zauwa\u017cy\u0142.<\/p>\n<h3><strong>Atak dron\u00f3w na Polsk\u0119<\/strong><\/h3>\n<p>Prezydent odni\u00f3s\u0142 si\u0119 do wydarze\u0144 z 9\/10 wrze\u015bnia, gdy rosyjskie drony naruszy\u0142y polsk\u0105 przestrze\u0144 powietrzn\u0105.<\/p>\n<p>\u2013 Nie by\u0142 to przypadek. Polska po raz pierwszy od II wojny \u015bwiatowej musia\u0142a otworzy\u0107 ogie\u0144 do wrogich obiekt\u00f3w nad swoim terytorium \u2013 podkre\u015bli\u0142. Zapewni\u0142, \u017ce Polska jako cz\u0142onek NATO pozostaje gotowa do obrony.<\/p>\n<p>Nawi\u0105zuj\u0105c do historii, przypomnia\u0142 obron\u0119 Europy przed Armi\u0105 Czerwon\u0105 w 1920 roku. \u2013 Nie przestraszyli\u015bmy si\u0119 wtedy, nie przestraszymy si\u0119 i teraz rosyjskich dron\u00f3w \u2013 powiedzia\u0142.<\/p>\n<h3><strong>Lider regionu i sprzeciw wobec prowokacji<\/strong><\/h3>\n<p>Nawrocki zaznaczy\u0142, \u017ce podobne prowokacje dotykaj\u0105 te\u017c pa\u0144stw ba\u0142tyckich i Rumunii. Polska \u2013 jako lider regionu \u2013 rozwija wsp\u00f3\u0142prac\u0119 w ramach Bukareszta\u0144skiej Dziewi\u0105tki i Inicjatywy Tr\u00f3jmorza.<\/p>\n<p>\u2013 Nie ma naszej zgody na to, by Moskwa testowa\u0142a nasze reakcje i zastrasza\u0142a nasze spo\u0142ecze\u0144stwa \u2013 o\u015bwiadczy\u0142.<\/p>\n<h3><strong>Rosja musi ponie\u015b\u0107 odpowiedzialno\u015b\u0107<\/strong><\/h3>\n<p>Prezydent m\u00f3wi\u0142, \u017ce Rosja nie jest gotowa na pok\u00f3j, bo jej deklaracjom towarzysz\u0105 kolejne ataki na ukrai\u0144skie miasta.<\/p>\n<p>\u2013 Kiedy Moskwa m\u00f3wi \u201epok\u00f3j\u201d, ma na my\u015bli kapitulacj\u0119 przeciwnika \u2013 doda\u0142.<\/p>\n<p>Wezwa\u0142 do poci\u0105gni\u0119cia Rosji do odpowiedzialno\u015bci przed s\u0105dami mi\u0119dzynarodowymi. Popar\u0142 ide\u0119 utworzenia specjalnego trybuna\u0142u, kt\u00f3ry os\u0105dzi sprawc\u00f3w agresji.<\/p>\n<p>\u2013 \u017badne wojny nie mog\u0105 si\u0119 agresorom op\u0142aca\u0107, tak\u017ce ekonomicznie \u2013 zaznaczy\u0142.<\/p>\n<h3><strong>Bliski Wsch\u00f3d, prawa cz\u0142owieka i polityka klimatyczna<\/strong><\/h3>\n<p>Nawrocki odni\u00f3s\u0142 si\u0119 tak\u017ce do wojny w Strefie Gazy, opowiadaj\u0105c si\u0119 za rozwi\u0105zaniem dwupa\u0144stwowym i przestrzeganiem prawa humanitarnego przez wszystkie strony. Zapewni\u0142 o polskim zaanga\u017cowaniu w pomoc humanitarn\u0105 i rozwojow\u0105, m.in. w Afryce i Europie Wschodniej.<\/p>\n<p>Odnosz\u0105c si\u0119 do klimatu i migracji, skrytykowa\u0142 b\u0142\u0119dy Europy, m\u00f3wi\u0105c o \u201ezielonym szale\u0144stwie\u201d i nietrafionej polityce migracyjnej. W tym kontek\u015bcie zgodzi\u0142 si\u0119 z krytyk\u0105 prezydenta USA Donalda Trumpa.<\/p>\n<p>Podkre\u015bli\u0142 te\u017c, \u017ce Polska \u2013 wsp\u00f3\u0142za\u0142o\u017cyciel ONZ i 20. gospodarka \u015bwiata \u2013 chce by\u0107 sta\u0142ym uczestnikiem szczyt\u00f3w G-20. Przypomnia\u0142 r\u00f3wnie\u017c o polskiej kandydaturze do Rady Praw Cz\u0142owieka na lata 2029\u20132031.<\/p>\n<h3><strong>\u201eNeutralno\u015b\u0107 pomaga oprawcy\u201d<\/strong><\/h3>\n<p>Ko\u0144cz\u0105c, Nawrocki wezwa\u0142 do zbudowania globalnego systemu odpowiedzialno\u015bci, kt\u00f3ry \u201enie zawaha si\u0119 nazwa\u0107 z\u0142a po imieniu\u201d. Zacytowa\u0142 s\u0142owa Eliego Wiesela: \u201eNeutralno\u015b\u0107 zawsze pomaga oprawcy, nigdy ofierze. Milczenie zach\u0119ca prze\u015bladowc\u0119, nigdy prze\u015bladowanego\u201d.<\/p>\n<p>\u2013 Niech te s\u0142owa b\u0119d\u0105 wezwaniem do dzia\u0142ania tu i teraz \u2013 zako\u0144czy\u0142 swoje wyst\u0105pienie prezydent.<\/p>\n<p style=\"text-align: right\"><em>Na podst. WP<\/em><\/p>\n","protected":false},"excerpt":{"rendered":"<p>Polska zawsze b\u0119dzie odpowiednio reagowa\u0107 i jest gotowa do obrony swojego terytorium \u2013 zadeklarowa\u0142 prezydent Karol Nawrocki podczas debaty generalnej 80. sesji Zgromadzenia Og\u00f3lnego ONZ&hellip;<\/p>\n","protected":false},"author":3,"featured_media":4045,"comment_status":"open","ping_status":"open","sticky":false,"template":"","format":"standard","meta":{"footnotes":""},"categories":[15,18],"tags":[],"class_list":["post-4044","post","type-post","status-publish","format-standard","has-post-thumbnail","hentry","category-swiat","category-top-news"],"_links":{"self":[{"href":"https:\/\/radiopoloniawinnipeg.com\/index.php\/wp-json\/wp\/v2\/posts\/4044","targetHints":{"allow":["GET"]}}],"collection":[{"href":"https:\/\/radiopoloniawinnipeg.com\/index.php\/wp-json\/wp\/v2\/posts"}],"about":[{"href":"https:\/\/radiopoloniawinnipeg.com\/index.php\/wp-json\/wp\/v2\/types\/post"}],"author":[{"embeddable":true,"href":"https:\/\/radiopoloniawinnipeg.com\/index.php\/wp-json\/wp\/v2\/users\/3"}],"replies":[{"embeddable":true,"href":"https:\/\/radiopoloniawinnipeg.com\/index.php\/wp-json\/wp\/v2\/comments?post=4044"}],"version-history":[{"count":0,"href":"https:\/\/radiopoloniawinnipeg.com\/index.php\/wp-json\/wp\/v2\/posts\/4044\/revisions"}],"wp:featuredmedia":[{"embeddable":true,"href":"https:\/\/radiopoloniawinnipeg.com\/index.php\/wp-json\/wp\/v2\/media\/4045"}],"wp:attachment":[{"href":"https:\/\/radiopoloniawinnipeg.com\/index.php\/wp-json\/wp\/v2\/media?parent=4044"}],"wp:term":[{"taxonomy":"category","embeddable":true,"href":"https:\/\/radiopoloniawinnipeg.com\/index.php\/wp-json\/wp\/v2\/categories?post=4044"},{"taxonomy":"post_tag","embeddable":true,"href":"https:\/\/radiopoloniawinnipeg.com\/index.php\/wp-json\/wp\/v2\/tags?post=4044"}],"curies":[{"name":"wp","href":"https:\/\/api.w.org\/{rel}","templated":true}]}}