{"id":4050,"date":"2025-09-24T16:30:05","date_gmt":"2025-09-24T20:30:05","guid":{"rendered":"https:\/\/radiopoloniawinnipeg.com\/index.php\/2025\/09\/24\/wiele-osob-zostalo-postrzelonych-strzelec-nie-zyje-w-osrodku-ice-w-dallas\/"},"modified":"2025-09-24T16:30:05","modified_gmt":"2025-09-24T20:30:05","slug":"wiele-osob-zostalo-postrzelonych-strzelec-nie-zyje-w-osrodku-ice-w-dallas","status":"publish","type":"post","link":"https:\/\/radiopoloniawinnipeg.com\/index.php\/2025\/09\/24\/wiele-osob-zostalo-postrzelonych-strzelec-nie-zyje-w-osrodku-ice-w-dallas\/","title":{"rendered":"\u201eWiele\u201d os\u00f3b zosta\u0142o postrzelonych, strzelec nie \u017cyje w o\u015brodku ICE w Dallas"},"content":{"rendered":"<p>Jak podaj\u0105 w\u0142adze, \u201ekilka\u201d os\u00f3b zosta\u0142o postrzelonych w areszcie Immigration and US Customs Enforcement w Dallas, a strzelec zmar\u0142 w wyniku rany postrza\u0142owej zadanej sobie przez samego siebie.<br \/>\nSekretarz Bezpiecze\u0144stwa Krajowego Kristi Noem powiedzia\u0142a, \u017ce \u200b\u200bszczeg\u00f3\u0142y wci\u0105\u017c s\u0105 ujawniane, ale agencja potwierdza, \u017ce \u200b\u200bdosz\u0142o do \u201ewielu obra\u017ce\u0144 i ofiar \u015bmiertelnych\u201d. Noem doda\u0142a, \u017ce \u200b\u200bmotyw pozostaje niejasny.<\/p>\n<p>\u201eDzi\u015b rano w areszcie ICE w Dallas dosz\u0142o do strzelaniny. Szczeg\u00f3\u0142y wci\u0105\u017c s\u0105 ujawniane, ale mo\u017cemy potwierdzi\u0107, \u017ce dosz\u0142o do wielu obra\u017ce\u0144 i ofiar \u015bmiertelnych\u201d \u2013 powiedzia\u0142a Noem w o\u015bwiadczeniu przes\u0142anym e-mailem do Global News.<br \/>\n\u201eStrzelec zgin\u0105\u0142 w wyniku samob\u00f3jczego postrza\u0142u. Chocia\u017c motyw nie jest jeszcze znany, wiemy, \u017ce nasze organy \u015bcigania ICE mierz\u0105 si\u0119 z bezprecedensow\u0105 przemoc\u0105 wobec ofiar. To musi si\u0119 sko\u0144czy\u0107. Prosimy, m\u00f3dlcie si\u0119 za ofiary i ich rodziny\u201d.<br \/>\n\u201eTo mogli by\u0107 pracownicy, cywile odwiedzaj\u0105cy o\u015brodek, mogli to by\u0107 wi\u0119\u017aniowie\u201d \u2013 powiedzia\u0142 Lyons o postrzelonych. \u201eWci\u0105\u017c nad tym pracujemy\u201d.<\/p>\n","protected":false},"excerpt":{"rendered":"<p>Jak podaj\u0105 w\u0142adze, \u201ekilka\u201d os\u00f3b zosta\u0142o postrzelonych w areszcie Immigration and US Customs Enforcement w Dallas, a strzelec zmar\u0142 w wyniku rany postrza\u0142owej zadanej sobie&hellip;<\/p>\n","protected":false},"author":3,"featured_media":4051,"comment_status":"open","ping_status":"open","sticky":false,"template":"","format":"standard","meta":{"footnotes":""},"categories":[15,18],"tags":[],"class_list":["post-4050","post","type-post","status-publish","format-standard","has-post-thumbnail","hentry","category-swiat","category-top-news"],"_links":{"self":[{"href":"https:\/\/radiopoloniawinnipeg.com\/index.php\/wp-json\/wp\/v2\/posts\/4050","targetHints":{"allow":["GET"]}}],"collection":[{"href":"https:\/\/radiopoloniawinnipeg.com\/index.php\/wp-json\/wp\/v2\/posts"}],"about":[{"href":"https:\/\/radiopoloniawinnipeg.com\/index.php\/wp-json\/wp\/v2\/types\/post"}],"author":[{"embeddable":true,"href":"https:\/\/radiopoloniawinnipeg.com\/index.php\/wp-json\/wp\/v2\/users\/3"}],"replies":[{"embeddable":true,"href":"https:\/\/radiopoloniawinnipeg.com\/index.php\/wp-json\/wp\/v2\/comments?post=4050"}],"version-history":[{"count":0,"href":"https:\/\/radiopoloniawinnipeg.com\/index.php\/wp-json\/wp\/v2\/posts\/4050\/revisions"}],"wp:featuredmedia":[{"embeddable":true,"href":"https:\/\/radiopoloniawinnipeg.com\/index.php\/wp-json\/wp\/v2\/media\/4051"}],"wp:attachment":[{"href":"https:\/\/radiopoloniawinnipeg.com\/index.php\/wp-json\/wp\/v2\/media?parent=4050"}],"wp:term":[{"taxonomy":"category","embeddable":true,"href":"https:\/\/radiopoloniawinnipeg.com\/index.php\/wp-json\/wp\/v2\/categories?post=4050"},{"taxonomy":"post_tag","embeddable":true,"href":"https:\/\/radiopoloniawinnipeg.com\/index.php\/wp-json\/wp\/v2\/tags?post=4050"}],"curies":[{"name":"wp","href":"https:\/\/api.w.org\/{rel}","templated":true}]}}