{"id":4064,"date":"2025-09-25T12:15:07","date_gmt":"2025-09-25T16:15:07","guid":{"rendered":"https:\/\/radiopoloniawinnipeg.com\/index.php\/2025\/09\/25\/usa-kobiety-w-ciazy-na-zlosc-trumpowi-zazywaja-tylenol\/"},"modified":"2025-09-25T12:15:07","modified_gmt":"2025-09-25T16:15:07","slug":"usa-kobiety-w-ciazy-na-zlosc-trumpowi-zazywaja-tylenol","status":"publish","type":"post","link":"https:\/\/radiopoloniawinnipeg.com\/index.php\/2025\/09\/25\/usa-kobiety-w-ciazy-na-zlosc-trumpowi-zazywaja-tylenol\/","title":{"rendered":"USA &#8211; kobiety w ci\u0105\u017cy na z\u0142o\u015b\u0107 Trumpowi za\u017cywaj\u0105 Tylenol"},"content":{"rendered":"<p><img decoding=\"async\" loading=\"lazy\" class=\"aligncenter size-custom-full-size wp-image-224107\" src=\"https:\/\/bejsment.com\/wp-content\/uploads\/2025\/09\/aatylen-636x358.jpg\" alt=\"\" width=\"636\" height=\"358\" \/><\/p>\n<p><strong>W USA rozgorza\u0142a debata po s\u0142owach prezydenta Donalda Trumpa, kt\u00f3ry zasugerowa\u0142, \u017ce stosowanie popularnego leku przeciwgor\u0105czkowego i przeciwb\u00f3lowego Tylenol (paracetamolu) w czasie ci\u0105\u017cy mo\u017ce zwi\u0119ksza\u0107 ryzyko autyzmu u dzieci.<\/strong><\/p>\n<h3><strong>Niebezpieczny trend w sieci<\/strong><\/h3>\n<p>W \u015blad za jego wypowiedzi\u0105 na TikToku zacz\u0119\u0142y pojawia\u0107 si\u0119 nagrania kobiet w ci\u0105\u017cy, kt\u00f3re pokazuj\u0105, jak przyjmuj\u0105 Tylenol. O zjawisku poinformowa\u0142 dziennikarz Fox News Will Cain, nazywaj\u0105c je \u201eniebezpiecznym trendem\u201d. Zacytowa\u0142 tak\u017ce dr. Drew Pinsky\u2019ego, kt\u00f3ry skomentowa\u0142:<\/p>\n<p>\u2013 To najdziwniejsza rzecz na \u015bwiecie. Je\u015bli istnieje cho\u0107by cie\u0144 szansy na zrobienie krzywdy swojemu dziecku, po co mia\u0142aby\u015b ryzykowa\u0107?<\/p>\n<h3><strong>Trump: \u201eLekarze zalecaj\u0105 ostro\u017cno\u015b\u0107\u201d<\/strong><\/h3>\n<p>Trump podkre\u015bli\u0142, \u017ce cho\u0107 Tylenol z acetaminofenem jest najcz\u0119\u015bciej stosowanym \u015brodkiem przeciwb\u00f3lowym u kobiet w ci\u0105\u017cy, lekarze zalecaj\u0105, by ogranicza\u0107 jego stosowanie do przypadk\u00f3w medycznej konieczno\u015bci \u2013 np. przy wysokiej gor\u0105czce. Wskaza\u0142 te\u017c, \u017ce alternatywne \u015brodki, takie jak ibuprofen czy Advil, s\u0105 odradzane ze wzgl\u0119du na ryzyko poronienia i wad wrodzonych.<\/p>\n<h3><strong>G\u0142os ekspert\u00f3w<\/strong><\/h3>\n<p>Specjali\u015bci studz\u0105 emocje, podkre\u015blaj\u0105c, \u017ce nie ma jednoznacznych dowod\u00f3w naukowych na istnienie bezpo\u015bredniego zwi\u0105zku mi\u0119dzy stosowaniem paracetamolu a autyzmem. Wiadomo natomiast, \u017ce autyzm jest zaburzeniem o wieloczynnikowych przyczynach \u2013 zar\u00f3wno genetycznych, jak i \u015brodowiskowych.<\/p>\n<p>\u2013 Dowody na powi\u0105zanie Tylenolu z autyzmem s\u0105 niesp\u00f3jne, a badania nie daj\u0105 jasnych wniosk\u00f3w \u2013 m\u00f3wi\u0105 eksperci.<\/p>\n<p style=\"text-align: right\"><em>Na podst. X, CNN<\/em><\/p>\n","protected":false},"excerpt":{"rendered":"<p>W USA rozgorza\u0142a debata po s\u0142owach prezydenta Donalda Trumpa, kt\u00f3ry zasugerowa\u0142, \u017ce stosowanie popularnego leku przeciwgor\u0105czkowego i przeciwb\u00f3lowego Tylenol (paracetamolu) w czasie ci\u0105\u017cy mo\u017ce zwi\u0119ksza\u0107&hellip;<\/p>\n","protected":false},"author":3,"featured_media":4065,"comment_status":"open","ping_status":"open","sticky":false,"template":"","format":"standard","meta":{"footnotes":""},"categories":[15,18],"tags":[],"class_list":["post-4064","post","type-post","status-publish","format-standard","has-post-thumbnail","hentry","category-swiat","category-top-news"],"_links":{"self":[{"href":"https:\/\/radiopoloniawinnipeg.com\/index.php\/wp-json\/wp\/v2\/posts\/4064","targetHints":{"allow":["GET"]}}],"collection":[{"href":"https:\/\/radiopoloniawinnipeg.com\/index.php\/wp-json\/wp\/v2\/posts"}],"about":[{"href":"https:\/\/radiopoloniawinnipeg.com\/index.php\/wp-json\/wp\/v2\/types\/post"}],"author":[{"embeddable":true,"href":"https:\/\/radiopoloniawinnipeg.com\/index.php\/wp-json\/wp\/v2\/users\/3"}],"replies":[{"embeddable":true,"href":"https:\/\/radiopoloniawinnipeg.com\/index.php\/wp-json\/wp\/v2\/comments?post=4064"}],"version-history":[{"count":0,"href":"https:\/\/radiopoloniawinnipeg.com\/index.php\/wp-json\/wp\/v2\/posts\/4064\/revisions"}],"wp:featuredmedia":[{"embeddable":true,"href":"https:\/\/radiopoloniawinnipeg.com\/index.php\/wp-json\/wp\/v2\/media\/4065"}],"wp:attachment":[{"href":"https:\/\/radiopoloniawinnipeg.com\/index.php\/wp-json\/wp\/v2\/media?parent=4064"}],"wp:term":[{"taxonomy":"category","embeddable":true,"href":"https:\/\/radiopoloniawinnipeg.com\/index.php\/wp-json\/wp\/v2\/categories?post=4064"},{"taxonomy":"post_tag","embeddable":true,"href":"https:\/\/radiopoloniawinnipeg.com\/index.php\/wp-json\/wp\/v2\/tags?post=4064"}],"curies":[{"name":"wp","href":"https:\/\/api.w.org\/{rel}","templated":true}]}}