{"id":4070,"date":"2025-09-25T14:30:06","date_gmt":"2025-09-25T18:30:06","guid":{"rendered":"https:\/\/radiopoloniawinnipeg.com\/index.php\/2025\/09\/25\/harris-przerywa-milczenie-skrytykowala-bidena\/"},"modified":"2025-09-25T14:30:06","modified_gmt":"2025-09-25T18:30:06","slug":"harris-przerywa-milczenie-skrytykowala-bidena","status":"publish","type":"post","link":"https:\/\/radiopoloniawinnipeg.com\/index.php\/2025\/09\/25\/harris-przerywa-milczenie-skrytykowala-bidena\/","title":{"rendered":"Harris przerywa milczenie. Skrytykowa\u0142a Bidena"},"content":{"rendered":"<p><img decoding=\"async\" loading=\"lazy\" class=\"aligncenter wp-image-224112 size-custom-full-size\" src=\"https:\/\/bejsment.com\/wp-content\/uploads\/2025\/09\/aakamala-636x764.jpg\" alt=\"\" width=\"636\" height=\"764\" \/><\/p>\n<p><strong>By\u0142a wiceprezydent USA Kamala Harris zabra\u0142a g\u0142os po przegranych wyborach prezydenckich, w kt\u00f3rych Donald Trump powr\u00f3ci\u0142 do Bia\u0142ego Domu. W wywiadzie dla MSNBC i nowo wydanej ksi\u0105\u017cce \u201e107 dni\u201d Harris wprost skrytykowa\u0142a decyzj\u0119 Joego Bidena o ponownym starcie w wyborach.<\/strong><\/p>\n<p><strong>\u201eDecyzja by\u0142a b\u0142\u0119dem\u201d<\/strong><\/p>\n<p>Harris podkre\u015bli\u0142a, \u017ce z perspektywy czasu uznaje t\u0119 decyzj\u0119 za lekkomy\u015bln\u0105.<\/p>\n<p>\u2013 To decyzja Joego i Jill. Powtarzali\u015bmy to jak mantr\u0119, jakby\u015bmy byli zahipnotyzowani. Patrz\u0105c wstecz, uwa\u017cam, \u017ce by\u0142a to lekkomy\u015blno\u015b\u0107. Stawka by\u0142a zbyt wysoka, by pozostawi\u0107 to ambicji jednej osoby \u2013 napisa\u0142a w ksi\u0105\u017cce.<\/p>\n<p>W rozmowie z MSNBC doda\u0142a, \u017ce rozumie, dlaczego Biden podj\u0105\u0142 t\u0119 decyzj\u0119, ale jej zdaniem powinna ona by\u0107 bardziej kolektywna i strategiczna.<\/p>\n<p><strong>Brak wsparcia i trudne kulisy kampanii<\/strong><\/p>\n<p>Harris ujawni\u0142a, \u017ce podczas kampanii czu\u0142a si\u0119 pozostawiona sama sobie. Jej zdaniem otoczenie Bidena nie zadba\u0142o o obron\u0119 wiceprezydent przed atakami prawicy.<\/p>\n<p>\u2013 Mieli ogromny zesp\u00f3\u0142 ds. komunikacji. Karine Jean-Pierre codziennie organizowa\u0142a briefingi, a uzyskanie pozytywnej opinii na m\u00f3j temat by\u0142o niemal niemo\u017cliwe. Dowiedzia\u0142am si\u0119 nawet, \u017ce zesp\u00f3\u0142 prezydenta cz\u0119sto podsyca\u0142 negatywne plotki \u2013 stwierdzi\u0142a.<\/p>\n<p><strong>Trump jako \u201etyran\u201d<\/strong><\/p>\n<p>By\u0142a wiceprezydent ostro skrytykowa\u0142a Donalda Trumpa, okre\u015blaj\u0105c go mianem \u201etyrana, kt\u00f3ry z powodu kruchego ego wykorzystuje rz\u0105d federalny, by spe\u0142nia\u0107 swoje kaprysy i fantazje\u201d. Podkre\u015bli\u0142a jednak, \u017ce mimo krytycznych ocen pod adresem Bidena, uwa\u017ca go za niepor\u00f3wnywalnie bardziej kompetentnego ni\u017c Trump.<\/p>\n<p>\u2013 W swoim najgorszym dniu by\u0142 lepiej poinformowany, bardziej rozwa\u017cny i empatyczny ni\u017c Trump w swoim najlepszym \u2013 napisa\u0142a.<\/p>\n<p><strong>Co dalej z Kamal\u0105 Harris?<\/strong><\/p>\n<p>W wywiadzie Harris nie wykluczy\u0142a startu w kolejnych wyborach prezydenckich. Zaznaczy\u0142a jednak, \u017ce obecnie nie jest to jej priorytet.<\/p>\n<p>\u2013 Na razie skupiam si\u0119 na tym, co mo\u017cemy zrobi\u0107, by Ameryka nie zaprzepa\u015bci\u0142a tego, co uda\u0142o si\u0119 osi\u0105gn\u0105\u0107 \u2013 powiedzia\u0142a.<\/p>\n<p><em>Na podst. MSNBC<\/em><\/p>\n","protected":false},"excerpt":{"rendered":"<p>By\u0142a wiceprezydent USA Kamala Harris zabra\u0142a g\u0142os po przegranych wyborach prezydenckich, w kt\u00f3rych Donald Trump powr\u00f3ci\u0142 do Bia\u0142ego Domu. W wywiadzie dla MSNBC i nowo&hellip;<\/p>\n","protected":false},"author":3,"featured_media":4071,"comment_status":"open","ping_status":"open","sticky":false,"template":"","format":"standard","meta":{"footnotes":""},"categories":[15,18],"tags":[],"class_list":["post-4070","post","type-post","status-publish","format-standard","has-post-thumbnail","hentry","category-swiat","category-top-news"],"_links":{"self":[{"href":"https:\/\/radiopoloniawinnipeg.com\/index.php\/wp-json\/wp\/v2\/posts\/4070","targetHints":{"allow":["GET"]}}],"collection":[{"href":"https:\/\/radiopoloniawinnipeg.com\/index.php\/wp-json\/wp\/v2\/posts"}],"about":[{"href":"https:\/\/radiopoloniawinnipeg.com\/index.php\/wp-json\/wp\/v2\/types\/post"}],"author":[{"embeddable":true,"href":"https:\/\/radiopoloniawinnipeg.com\/index.php\/wp-json\/wp\/v2\/users\/3"}],"replies":[{"embeddable":true,"href":"https:\/\/radiopoloniawinnipeg.com\/index.php\/wp-json\/wp\/v2\/comments?post=4070"}],"version-history":[{"count":0,"href":"https:\/\/radiopoloniawinnipeg.com\/index.php\/wp-json\/wp\/v2\/posts\/4070\/revisions"}],"wp:featuredmedia":[{"embeddable":true,"href":"https:\/\/radiopoloniawinnipeg.com\/index.php\/wp-json\/wp\/v2\/media\/4071"}],"wp:attachment":[{"href":"https:\/\/radiopoloniawinnipeg.com\/index.php\/wp-json\/wp\/v2\/media?parent=4070"}],"wp:term":[{"taxonomy":"category","embeddable":true,"href":"https:\/\/radiopoloniawinnipeg.com\/index.php\/wp-json\/wp\/v2\/categories?post=4070"},{"taxonomy":"post_tag","embeddable":true,"href":"https:\/\/radiopoloniawinnipeg.com\/index.php\/wp-json\/wp\/v2\/tags?post=4070"}],"curies":[{"name":"wp","href":"https:\/\/api.w.org\/{rel}","templated":true}]}}