{"id":4104,"date":"2025-09-27T08:30:07","date_gmt":"2025-09-27T12:30:07","guid":{"rendered":"https:\/\/radiopoloniawinnipeg.com\/index.php\/2025\/09\/27\/premier-izraela-wygwizdany-w-onz\/"},"modified":"2025-09-27T08:30:07","modified_gmt":"2025-09-27T12:30:07","slug":"premier-izraela-wygwizdany-w-onz","status":"publish","type":"post","link":"https:\/\/radiopoloniawinnipeg.com\/index.php\/2025\/09\/27\/premier-izraela-wygwizdany-w-onz\/","title":{"rendered":"Premier Izraela wygwizdany w ONZ"},"content":{"rendered":"<p><img decoding=\"async\" loading=\"lazy\" class=\"aligncenter size-custom-full-size wp-image-224291\" src=\"https:\/\/bejsment.com\/wp-content\/uploads\/2025\/09\/aanetanyahu-636x358.jpg\" alt=\"\" width=\"636\" height=\"358\" \/><\/p>\n<p><strong>Premier Izraela Benjamin Netanjahu zosta\u0142 ch\u0142odno przyj\u0119ty ch\u0142odno podczas swojego wyst\u0105pienia na Zgromadzeniu Og\u00f3lnym ONZ w Nowym Jorku. Dziesi\u0105tki dyplomat\u00f3w opu\u015bci\u0142o sal\u0119 w ramach protestu, a ci, kt\u00f3rzy pozostali, reagowali gwizdami, krzykami i buczeniem.<\/strong><\/p>\n<p>Netanjahu broni\u0142 dzia\u0142a\u0144 Izraela w Strefie Gazy, kt\u00f3re \u2013 zdaniem ekspert\u00f3w \u2013 doprowadzi\u0142y do dramatycznego kryzysu humanitarnego i narastaj\u0105cego g\u0142odu w\u015br\u00f3d Palesty\u0144czyk\u00f3w. Na pocz\u0105tku przem\u00f3wienia zwr\u00f3ci\u0142 si\u0119 do zak\u0142adnik\u00f3w przetrzymywanych przez Hamas, zapewniaj\u0105c, \u017ce Izrael nie zapomnia\u0142 o swoich obywatelach. S\u0142owa te mia\u0142y by\u0107 transmitowane tak\u017ce przez g\u0142o\u015bniki ustawione przez izraelsk\u0105 armi\u0119 w Gazie.<\/p>\n<h3><strong>Zak\u0142adnicy i ofiary<\/strong><\/h3>\n<p>Wed\u0142ug izraelskiego wojska, spo\u015br\u00f3d 48 os\u00f3b wci\u0105\u017c wi\u0119zionych przez Hamas co najmniej 20 \u017cyje. Tymczasem w\u0142adze Strefy Gazy, kontrolowane przez Hamas, twierdz\u0105, \u017ce w izraelskich dzia\u0142aniach odwetowych zgin\u0119\u0142o ju\u017c ponad 65 tysi\u0119cy Palesty\u0144czyk\u00f3w.<\/p>\n<h3><strong>Ostra krytyka Zachodu<\/strong><\/h3>\n<p>Netanjahu pot\u0119pi\u0142 decyzje kilku pa\u0144stw Zachodu o uznaniu pa\u0144stwowo\u015bci Palestyny, nazywaj\u0105c je \u201ehaniebnymi\u201d. \u2013 <em>To wysy\u0142a niebezpieczny sygna\u0142, \u017ce mordowanie \u017byd\u00f3w pop\u0142aca<\/em> \u2013 m\u00f3wi\u0142 premier Izraela.<\/p>\n<p>Odwo\u0142a\u0142 si\u0119 r\u00f3wnie\u017c do atak\u00f3w z 7 pa\u017adziernika 2023 r., por\u00f3wnuj\u0105c ewentualne utworzenie pa\u0144stwa palesty\u0144skiego w pobli\u017cu Jerozolimy do \u201estworzenia pa\u0144stwa Al-Kaidy mil\u0119 od Nowego Jorku po zamachach z 11 wrze\u015bnia\u201d.<\/p>\n<h3><strong>Raport ONZ o ludob\u00f3jstwie<\/strong><\/h3>\n<p>W po\u0142owie wrze\u015bnia Rada Praw Cz\u0142owieka ONZ opublikowa\u0142a raport, w kt\u00f3rym stwierdzono, \u017ce dzia\u0142ania Izraela w Strefie Gazy spe\u0142niaj\u0105 cztery z pi\u0119ciu przes\u0142anek wymienionych w Konwencji o zapobieganiu i karaniu zbrodni ludob\u00f3jstwa.<\/p>\n<p style=\"text-align: right\"><em>Na podst. WP<\/em><\/p>\n","protected":false},"excerpt":{"rendered":"<p>Premier Izraela Benjamin Netanjahu zosta\u0142 ch\u0142odno przyj\u0119ty ch\u0142odno podczas swojego wyst\u0105pienia na Zgromadzeniu Og\u00f3lnym ONZ w Nowym Jorku. Dziesi\u0105tki dyplomat\u00f3w opu\u015bci\u0142o sal\u0119 w ramach protestu,&hellip;<\/p>\n","protected":false},"author":3,"featured_media":4105,"comment_status":"open","ping_status":"open","sticky":false,"template":"","format":"standard","meta":{"footnotes":""},"categories":[15,18],"tags":[],"class_list":["post-4104","post","type-post","status-publish","format-standard","has-post-thumbnail","hentry","category-swiat","category-top-news"],"_links":{"self":[{"href":"https:\/\/radiopoloniawinnipeg.com\/index.php\/wp-json\/wp\/v2\/posts\/4104","targetHints":{"allow":["GET"]}}],"collection":[{"href":"https:\/\/radiopoloniawinnipeg.com\/index.php\/wp-json\/wp\/v2\/posts"}],"about":[{"href":"https:\/\/radiopoloniawinnipeg.com\/index.php\/wp-json\/wp\/v2\/types\/post"}],"author":[{"embeddable":true,"href":"https:\/\/radiopoloniawinnipeg.com\/index.php\/wp-json\/wp\/v2\/users\/3"}],"replies":[{"embeddable":true,"href":"https:\/\/radiopoloniawinnipeg.com\/index.php\/wp-json\/wp\/v2\/comments?post=4104"}],"version-history":[{"count":0,"href":"https:\/\/radiopoloniawinnipeg.com\/index.php\/wp-json\/wp\/v2\/posts\/4104\/revisions"}],"wp:featuredmedia":[{"embeddable":true,"href":"https:\/\/radiopoloniawinnipeg.com\/index.php\/wp-json\/wp\/v2\/media\/4105"}],"wp:attachment":[{"href":"https:\/\/radiopoloniawinnipeg.com\/index.php\/wp-json\/wp\/v2\/media?parent=4104"}],"wp:term":[{"taxonomy":"category","embeddable":true,"href":"https:\/\/radiopoloniawinnipeg.com\/index.php\/wp-json\/wp\/v2\/categories?post=4104"},{"taxonomy":"post_tag","embeddable":true,"href":"https:\/\/radiopoloniawinnipeg.com\/index.php\/wp-json\/wp\/v2\/tags?post=4104"}],"curies":[{"name":"wp","href":"https:\/\/api.w.org\/{rel}","templated":true}]}}