{"id":4112,"date":"2025-09-27T12:15:05","date_gmt":"2025-09-27T16:15:05","guid":{"rendered":"https:\/\/radiopoloniawinnipeg.com\/index.php\/2025\/09\/27\/szefowa-bundestagu-obiecuje-polakom-pomnik\/"},"modified":"2025-09-27T12:15:05","modified_gmt":"2025-09-27T16:15:05","slug":"szefowa-bundestagu-obiecuje-polakom-pomnik","status":"publish","type":"post","link":"https:\/\/radiopoloniawinnipeg.com\/index.php\/2025\/09\/27\/szefowa-bundestagu-obiecuje-polakom-pomnik\/","title":{"rendered":"Szefowa Bundestagu obiecuje Polakom pomnik"},"content":{"rendered":"<div id=\"attachment_224296\" style=\"width: 646px\" class=\"wp-caption aligncenter\"><img decoding=\"async\" loading=\"lazy\" aria-describedby=\"caption-attachment-224296\" class=\"size-custom-full-size wp-image-224296\" src=\"https:\/\/bejsment.com\/wp-content\/uploads\/2025\/09\/aajuliakloeckner-126-636x358.jpg\" alt=\"\" width=\"636\" height=\"358\" \/><\/p>\n<p id=\"caption-attachment-224296\" class=\"wp-caption-text\">Julia Kloeckner<\/p>\n<\/div>\n<p><strong>Przewodnicz\u0105ca niemieckiego Bundestagu, Julia Kloeckner, z\u0142o\u017cy\u0142a w Warszawie deklaracj\u0119 o \u201enatychmiastowej&#8221; budowie w Berlinie pomnika upami\u0119tniaj\u0105cego polskie ofiary niemieckiej agresji i okupacji.<\/strong><\/p>\n<p>Podczas wizyty w polskiej stolicy, gdzie spotka\u0142a si\u0119 z marsza\u0142kiem Sejmu Szymonem Ho\u0142owni\u0105, szefowa Bundestagu podkre\u015bli\u0142a historyczn\u0105 odpowiedzialno\u015b\u0107 Niemiec.<\/p>\n<p>&#8211; Spotykamy si\u0119 w Warszawie \u2013 mie\u015bcie, kt\u00f3re po niemieckiej napa\u015bci na Polsk\u0119 by\u0142o niemal kompletnie zniszczone. Jeste\u015bmy \u015bwiadomi naszej historycznej odpowiedzialno\u015bci i akceptujemy j\u0105 \u2013 o\u015bwiadczy\u0142a Kloeckner po rozmowach.<\/p>\n<p>Zapowiedzia\u0142a, \u017ce pomnik dla polskich ofiar niemieckiej agresji i okupacji powstanie \u201eniezw\u0142ocznie w Berlinie&#8221; \u2013 stolicy Niemiec. Ma to by\u0107 realizacja wsp\u00f3lnej inicjatywy polskiej i niemieckiej strony, wspieranej przez obie parlamentarne grupy.<\/p>\n<p>Kloeckner zaznaczy\u0142a, \u017ce obecny stan, czyli kamie\u0144 pami\u0119ci ods\u0142oni\u0119ty 16 czerwca w Berlinie, jest jedynie \u201eprowizorium&#8221; i \u201epierwszym krokiem, pocz\u0105tkiem&#8221;. Ten tymczasowy g\u0142az ustawiono w miejscu, gdzie ma powsta\u0107 docelowy Dom Niemiecko-Polski.<\/p>\n<p>Projekt Domu, zatwierdzony przez niemiecki rz\u0105d w czerwcu ubieg\u0142ego roku, ma \u0142\u0105czy\u0107 funkcje upami\u0119tnienia ofiar wojny i okupacji, o\u015brodka dokumentacyjnego oraz miejsca spotka\u0144. Jego wdro\u017cenie wymaga jeszcze ostatecznej aprobaty Bundestagu.<\/p>\n<h3><strong>Kontrowersje wok\u00f3\u0142 upami\u0119tnienia<\/strong><\/h3>\n<p>Cho\u0107 niemieckie media podkre\u015blaj\u0105 tymczasowy charakter kamienia pami\u0119ci, inicjatywa upami\u0119tnienia polskich ofiar niemieckiej wojny i okupacji z lat 1939-1945 wywo\u0142a\u0142a fal\u0119 oburzenia po tym, jak informacja pojawi\u0142a si\u0119 w mediach w po\u0142owie kwietnia. Cz\u0119\u015b\u0107 komentator\u00f3w otwarcie krytykowa\u0142a to rozwi\u0105zanie.<\/p>\n<p>Znany i popularny publicysta \u201eDo Rzeczy&#8221;, Rafa\u0142 Ziemkiewicz, w ostrych s\u0142owach skomentowa\u0142 tymczasow\u0105 form\u0119 upami\u0119tnienia: \u201eTen kamlot musia\u0142by by\u0107 czystym diamentem, \u017ceby zbli\u017cy\u0107 si\u0119 do tego, co nam s\u0105 winni za zniszczenia i zbrodnie, jakich si\u0119 dopu\u015bcili. We\u017acie i wsad\u017acie go sobie w szwabsk\u0105 dup\u0119&#8221;.<\/p>\n<p style=\"text-align: right\"><em>Na podst. i.Pl<\/em><\/p>\n","protected":false},"excerpt":{"rendered":"<p>Julia Kloeckner Przewodnicz\u0105ca niemieckiego Bundestagu, Julia Kloeckner, z\u0142o\u017cy\u0142a w Warszawie deklaracj\u0119 o \u201enatychmiastowej&#8221; budowie w Berlinie pomnika upami\u0119tniaj\u0105cego polskie ofiary niemieckiej agresji i okupacji. Podczas&hellip;<\/p>\n","protected":false},"author":3,"featured_media":4113,"comment_status":"open","ping_status":"open","sticky":false,"template":"","format":"standard","meta":{"footnotes":""},"categories":[15,18],"tags":[],"class_list":["post-4112","post","type-post","status-publish","format-standard","has-post-thumbnail","hentry","category-swiat","category-top-news"],"_links":{"self":[{"href":"https:\/\/radiopoloniawinnipeg.com\/index.php\/wp-json\/wp\/v2\/posts\/4112","targetHints":{"allow":["GET"]}}],"collection":[{"href":"https:\/\/radiopoloniawinnipeg.com\/index.php\/wp-json\/wp\/v2\/posts"}],"about":[{"href":"https:\/\/radiopoloniawinnipeg.com\/index.php\/wp-json\/wp\/v2\/types\/post"}],"author":[{"embeddable":true,"href":"https:\/\/radiopoloniawinnipeg.com\/index.php\/wp-json\/wp\/v2\/users\/3"}],"replies":[{"embeddable":true,"href":"https:\/\/radiopoloniawinnipeg.com\/index.php\/wp-json\/wp\/v2\/comments?post=4112"}],"version-history":[{"count":0,"href":"https:\/\/radiopoloniawinnipeg.com\/index.php\/wp-json\/wp\/v2\/posts\/4112\/revisions"}],"wp:featuredmedia":[{"embeddable":true,"href":"https:\/\/radiopoloniawinnipeg.com\/index.php\/wp-json\/wp\/v2\/media\/4113"}],"wp:attachment":[{"href":"https:\/\/radiopoloniawinnipeg.com\/index.php\/wp-json\/wp\/v2\/media?parent=4112"}],"wp:term":[{"taxonomy":"category","embeddable":true,"href":"https:\/\/radiopoloniawinnipeg.com\/index.php\/wp-json\/wp\/v2\/categories?post=4112"},{"taxonomy":"post_tag","embeddable":true,"href":"https:\/\/radiopoloniawinnipeg.com\/index.php\/wp-json\/wp\/v2\/tags?post=4112"}],"curies":[{"name":"wp","href":"https:\/\/api.w.org\/{rel}","templated":true}]}}