{"id":4140,"date":"2025-09-29T08:30:07","date_gmt":"2025-09-29T12:30:07","guid":{"rendered":"https:\/\/radiopoloniawinnipeg.com\/index.php\/2025\/09\/29\/pas-wygrywa-wybory-w-moldawii-prorosyjska-opozycja-mowi-o-falszerstwie\/"},"modified":"2025-09-29T08:30:07","modified_gmt":"2025-09-29T12:30:07","slug":"pas-wygrywa-wybory-w-moldawii-prorosyjska-opozycja-mowi-o-falszerstwie","status":"publish","type":"post","link":"https:\/\/radiopoloniawinnipeg.com\/index.php\/2025\/09\/29\/pas-wygrywa-wybory-w-moldawii-prorosyjska-opozycja-mowi-o-falszerstwie\/","title":{"rendered":"PAS wygrywa wybory w Mo\u0142dawii. Prorosyjska opozycja m\u00f3wi o fa\u0142szerstwie"},"content":{"rendered":"<div id=\"attachment_224417\" style=\"width: 646px\" class=\"wp-caption aligncenter\"><img decoding=\"async\" loading=\"lazy\" aria-describedby=\"caption-attachment-224417\" class=\"size-custom-full-size wp-image-224417\" src=\"https:\/\/bejsment.com\/wp-content\/uploads\/2025\/09\/aamoldawia3-636x424.jpg\" alt=\"\" width=\"636\" height=\"424\" \/><\/p>\n<p id=\"caption-attachment-224417\" class=\"wp-caption-text\">Triumf prounijnej Mai Sandu, liderki PAS<\/p>\n<\/div>\n<p><strong>Rz\u0105dz\u0105ca Partia Dzia\u0142ania i Solidarno\u015bci (PAS), jednoznacznie opowiadaj\u0105ca si\u0119 za integracj\u0105 z Uni\u0105 Europejsk\u0105, zwyci\u0119\u017cy\u0142a w niedzielnych wyborach parlamentarnych w Mo\u0142dawii. Po przeliczeniu 99,52 proc. g\u0142os\u00f3w ugrupowanie zdoby\u0142o 50,03 proc. poparcia, zapewniaj\u0105c sobie wyra\u017an\u0105 przewag\u0119 nad prorosyjsk\u0105 opozycj\u0105.<\/strong><\/p>\n<h3><strong>Wyniki wybor\u00f3w<\/strong><\/h3>\n<p>Na drugim miejscu uplasowa\u0142 si\u0119 Patriotyczny Blok Wyborczy (BEP), skupiaj\u0105cy socjalist\u00f3w i komunist\u00f3w, z wynikiem 24,26 proc. Trzecie miejsce zaj\u0119\u0142a Alternatywa burmistrza Kiszyniowa Iona Czebana (8,1 proc.), a pr\u00f3g wyborczy przekroczy\u0142a jeszcze Nasza Partia oligarchy Renato Usatego (6,2 proc.).<\/p>\n<p>Frekwencja wynios\u0142a ponad 52 proc., co \u2013 zdaniem wielu obserwator\u00f3w \u2013 potwierdza wag\u0119 tych wybor\u00f3w, okre\u015blanych jako jedne z najwa\u017cniejszych w historii niepodleg\u0142ej Mo\u0142dawii.<\/p>\n<h3><strong>Ostre reakcje opozycji<\/strong><\/h3>\n<p>By\u0142y prezydent Igor Dodon, lider socjalist\u00f3w, zarzuci\u0142 w\u0142adzom dzia\u0142anie \u201ewed\u0142ug instrukcji Zachodu\u201d i pr\u00f3b\u0119 \u201ewci\u0105gni\u0119cia kraju do wojny\u201d. Oskar\u017cy\u0142 rz\u0105d o fa\u0142szerstwa i wezwa\u0142 swoich zwolennik\u00f3w do masowych protest\u00f3w.<\/p>\n<div id=\"attachment_224419\" style=\"width: 646px\" class=\"wp-caption aligncenter\"><img decoding=\"async\" loading=\"lazy\" aria-describedby=\"caption-attachment-224419\" class=\"size-custom-full-size wp-image-224419\" src=\"https:\/\/bejsment.com\/wp-content\/uploads\/2025\/09\/aamoldawia-636x358.jpg\" alt=\"\" width=\"636\" height=\"358\" \/><\/p>\n<p id=\"caption-attachment-224419\" class=\"wp-caption-text\">By\u0142y prezydent Mo\u0142dawii i lider Partii Socjalistycznej Igor Dodon podczas briefingu w siedzibie partii w Kiszyniowie<\/p>\n<\/div>\n<p>\u2013 Blok wyra\u017anie wygra\u0142 wybory i musi broni\u0107 wyniku na ulicach \u2013 o\u015bwiadczy\u0142 Dodon.<\/p>\n<p>W\u0142adze w Kiszyniowie ostrzegaj\u0105 jednak przed mo\u017cliwo\u015bci\u0105 zamieszek w najbli\u017cszych dniach.<\/p>\n<p><em>Na podst. Polsat News<\/em><\/p>\n","protected":false},"excerpt":{"rendered":"<p>Triumf prounijnej Mai Sandu, liderki PAS Rz\u0105dz\u0105ca Partia Dzia\u0142ania i Solidarno\u015bci (PAS), jednoznacznie opowiadaj\u0105ca si\u0119 za integracj\u0105 z Uni\u0105 Europejsk\u0105, zwyci\u0119\u017cy\u0142a w niedzielnych wyborach parlamentarnych&hellip;<\/p>\n","protected":false},"author":3,"featured_media":4141,"comment_status":"open","ping_status":"open","sticky":false,"template":"","format":"standard","meta":{"footnotes":""},"categories":[15,18],"tags":[],"class_list":["post-4140","post","type-post","status-publish","format-standard","has-post-thumbnail","hentry","category-swiat","category-top-news"],"_links":{"self":[{"href":"https:\/\/radiopoloniawinnipeg.com\/index.php\/wp-json\/wp\/v2\/posts\/4140","targetHints":{"allow":["GET"]}}],"collection":[{"href":"https:\/\/radiopoloniawinnipeg.com\/index.php\/wp-json\/wp\/v2\/posts"}],"about":[{"href":"https:\/\/radiopoloniawinnipeg.com\/index.php\/wp-json\/wp\/v2\/types\/post"}],"author":[{"embeddable":true,"href":"https:\/\/radiopoloniawinnipeg.com\/index.php\/wp-json\/wp\/v2\/users\/3"}],"replies":[{"embeddable":true,"href":"https:\/\/radiopoloniawinnipeg.com\/index.php\/wp-json\/wp\/v2\/comments?post=4140"}],"version-history":[{"count":0,"href":"https:\/\/radiopoloniawinnipeg.com\/index.php\/wp-json\/wp\/v2\/posts\/4140\/revisions"}],"wp:featuredmedia":[{"embeddable":true,"href":"https:\/\/radiopoloniawinnipeg.com\/index.php\/wp-json\/wp\/v2\/media\/4141"}],"wp:attachment":[{"href":"https:\/\/radiopoloniawinnipeg.com\/index.php\/wp-json\/wp\/v2\/media?parent=4140"}],"wp:term":[{"taxonomy":"category","embeddable":true,"href":"https:\/\/radiopoloniawinnipeg.com\/index.php\/wp-json\/wp\/v2\/categories?post=4140"},{"taxonomy":"post_tag","embeddable":true,"href":"https:\/\/radiopoloniawinnipeg.com\/index.php\/wp-json\/wp\/v2\/tags?post=4140"}],"curies":[{"name":"wp","href":"https:\/\/api.w.org\/{rel}","templated":true}]}}