{"id":4148,"date":"2025-09-29T16:30:06","date_gmt":"2025-09-29T20:30:06","guid":{"rendered":"https:\/\/radiopoloniawinnipeg.com\/index.php\/2025\/09\/29\/oregon-pozywa-administracje-trumpa-za-wyslanie-gwardii-narodowej-do-portland\/"},"modified":"2025-09-29T16:30:06","modified_gmt":"2025-09-29T20:30:06","slug":"oregon-pozywa-administracje-trumpa-za-wyslanie-gwardii-narodowej-do-portland","status":"publish","type":"post","link":"https:\/\/radiopoloniawinnipeg.com\/index.php\/2025\/09\/29\/oregon-pozywa-administracje-trumpa-za-wyslanie-gwardii-narodowej-do-portland\/","title":{"rendered":"Oregon pozywa administracj\u0119 Trumpa za wys\u0142anie Gwardii Narodowej do Portland"},"content":{"rendered":"<div id=\"attachment_224447\" style=\"width: 646px\" class=\"wp-caption aligncenter\"><img decoding=\"async\" loading=\"lazy\" aria-describedby=\"caption-attachment-224447\" class=\"size-custom-full-size wp-image-224447\" src=\"https:\/\/bejsment.com\/wp-content\/uploads\/2025\/09\/aakotek-636x477.jpg\" alt=\"\" width=\"636\" height=\"477\" \/><\/p>\n<p id=\"caption-attachment-224447\" class=\"wp-caption-text\">Gubernator Oregonu Tina Kotek<\/p>\n<\/div>\n<p><strong>Demokratyczne w\u0142adze stanu Oregon wesz\u0142y w otwarty sp\u00f3r z administracj\u0105 prezydenta Donalda Trumpa. Posz\u0142o o decyzj\u0119 o rozmieszczeniu w Portland oddzia\u0142\u00f3w Gwardii Narodowej w zwi\u0105zku z atakami boj\u00f3wek na plac\u00f3wki federalnych s\u0142u\u017cb celnych i migracyjnych (ICE).<\/strong><\/p>\n<p>Stanowy prokurator generalny Dan Rayfield poinformowa\u0142 o z\u0142o\u017ceniu pozwu do s\u0105du federalnego. Opr\u00f3cz Trumpa wskazano r\u00f3wnie\u017c sekretarza obrony Pete\u2019a Hegsetha i sekretarz ds. bezpiecze\u0144stwa narodowego Kristi Noem, kt\u00f3ra formalnie wnioskowa\u0142a o u\u017cycie wojska do \u201eprzywr\u00f3cenia bezpiecze\u0144stwa\u201d w Portland.<\/p>\n<p>W\u0142adze Oregonu chc\u0105 w ten spos\u00f3b zablokowa\u0107 plan Waszyngtonu dotycz\u0105cy wys\u0142ania 200 \u017co\u0142nierzy Gwardii Narodowej na okres 60 dni. Gubernator Tina Kotek, burmistrz Portland Keith Wilson i Rayfield \u2013 wszyscy z Partii Demokratycznej \u2013 podkre\u015blaj\u0105, \u017ce decyzja administracji federalnej jest \u201ebezprawna\u201d i \u201eniepotrzebna\u201d.<\/p>\n<h3><strong>\u201eNie ma potrzeby ingerencji\u201d<\/strong><\/h3>\n<p>\u2013 Spo\u0142eczno\u015bci Oregonu s\u0105 stabilne, a lokalni urz\u0119dnicy dysponuj\u0105 odpowiednimi si\u0142ami, aby zapewni\u0107 bezpiecze\u0144stwo publiczne \u2013 stwierdzi\u0142 Rayfield w oficjalnym o\u015bwiadczeniu.<\/p>\n<p>Gubernator Kotek przekaza\u0142a z kolei, \u017ce jeszcze przed wydaniem rozkazu rozmawia\u0142a z prezydentem Trumpem i nalega\u0142a, aby nie wysy\u0142a\u0142 \u017co\u0142nierzy. Jej zdaniem pa\u0144stwowe i miejskie s\u0142u\u017cby s\u0105 w stanie same opanowa\u0107 sytuacj\u0119.<\/p>\n<h3><strong>Deportacje i zamieszki<\/strong><\/h3>\n<p>Trump od pocz\u0105tku kampanii wyborczej zapowiada\u0142, \u017ce w przypadku wygranej natychmiast rozpocznie najwi\u0119ksz\u0105 w historii USA operacj\u0119 deportacji nielegalnych imigrant\u00f3w. Dzia\u0142ania te s\u0105 obecnie realizowane \u2013 nap\u0142yw nowych migrant\u00f3w zosta\u0142 niemal ca\u0142kowicie zatrzymany, a osoby ju\u017c przebywaj\u0105ce w kraju s\u0105 stopniowo deportowane.<\/p>\n<p>Polityka migracyjna Bia\u0142ego Domu wywo\u0142a\u0142a jednak fal\u0119 niepokoj\u00f3w w niekt\u00f3rych miastach. W Portland proimigracyjne boj\u00f3wki \u201ewielokrotnie atakowa\u0142y i oblega\u0142y o\u015brodek ICE\u201d \u2013 poinformowa\u0142 Departament Bezpiecze\u0144stwa Krajowego. W Dallas w Teksasie dosz\u0142o natomiast do strzelaniny przed tamtejszym o\u015brodkiem ICE, w kt\u00f3rej zgin\u0119\u0142y dwie osoby. Szef FBI Kash Patel ujawni\u0142 p\u00f3\u017aniej, \u017ce sprawca mia\u0142 amunicj\u0119 z has\u0142ami wymierzonymi przeciwko federalnym s\u0142u\u017cbom migracyjnym.<\/p>\n<p style=\"text-align: right\"><em>Na podst. AP<\/em><\/p>\n","protected":false},"excerpt":{"rendered":"<p>Gubernator Oregonu Tina Kotek Demokratyczne w\u0142adze stanu Oregon wesz\u0142y w otwarty sp\u00f3r z administracj\u0105 prezydenta Donalda Trumpa. Posz\u0142o o decyzj\u0119 o rozmieszczeniu w Portland oddzia\u0142\u00f3w&hellip;<\/p>\n","protected":false},"author":3,"featured_media":4149,"comment_status":"open","ping_status":"open","sticky":false,"template":"","format":"standard","meta":{"footnotes":""},"categories":[15,18],"tags":[],"class_list":["post-4148","post","type-post","status-publish","format-standard","has-post-thumbnail","hentry","category-swiat","category-top-news"],"_links":{"self":[{"href":"https:\/\/radiopoloniawinnipeg.com\/index.php\/wp-json\/wp\/v2\/posts\/4148","targetHints":{"allow":["GET"]}}],"collection":[{"href":"https:\/\/radiopoloniawinnipeg.com\/index.php\/wp-json\/wp\/v2\/posts"}],"about":[{"href":"https:\/\/radiopoloniawinnipeg.com\/index.php\/wp-json\/wp\/v2\/types\/post"}],"author":[{"embeddable":true,"href":"https:\/\/radiopoloniawinnipeg.com\/index.php\/wp-json\/wp\/v2\/users\/3"}],"replies":[{"embeddable":true,"href":"https:\/\/radiopoloniawinnipeg.com\/index.php\/wp-json\/wp\/v2\/comments?post=4148"}],"version-history":[{"count":0,"href":"https:\/\/radiopoloniawinnipeg.com\/index.php\/wp-json\/wp\/v2\/posts\/4148\/revisions"}],"wp:featuredmedia":[{"embeddable":true,"href":"https:\/\/radiopoloniawinnipeg.com\/index.php\/wp-json\/wp\/v2\/media\/4149"}],"wp:attachment":[{"href":"https:\/\/radiopoloniawinnipeg.com\/index.php\/wp-json\/wp\/v2\/media?parent=4148"}],"wp:term":[{"taxonomy":"category","embeddable":true,"href":"https:\/\/radiopoloniawinnipeg.com\/index.php\/wp-json\/wp\/v2\/categories?post=4148"},{"taxonomy":"post_tag","embeddable":true,"href":"https:\/\/radiopoloniawinnipeg.com\/index.php\/wp-json\/wp\/v2\/tags?post=4148"}],"curies":[{"name":"wp","href":"https:\/\/api.w.org\/{rel}","templated":true}]}}