{"id":4154,"date":"2025-09-29T18:30:10","date_gmt":"2025-09-29T22:30:10","guid":{"rendered":"https:\/\/radiopoloniawinnipeg.com\/index.php\/2025\/09\/29\/trump-naloze-100-procent-cla-na-filmy-ocle-tez-import-mebli\/"},"modified":"2025-09-29T18:30:10","modified_gmt":"2025-09-29T22:30:10","slug":"trump-naloze-100-procent-cla-na-filmy-ocle-tez-import-mebli","status":"publish","type":"post","link":"https:\/\/radiopoloniawinnipeg.com\/index.php\/2025\/09\/29\/trump-naloze-100-procent-cla-na-filmy-ocle-tez-import-mebli\/","title":{"rendered":"Trump: Na\u0142o\u017c\u0119 100 procent c\u0142a na filmy. Ocl\u0119 te\u017c import mebli"},"content":{"rendered":"<p><strong>Prezydent USA Donald Trump zapowiedzia\u0142 wprowadzenie nowych barier handlowych wobec globalnej bran\u017cy filmowej, deklaruj\u0105c na\u0142o\u017cenie stuprocentowego c\u0142a na wszystkie filmy powstaj\u0105ce poza granicami Stan\u00f3w Zjednoczonych.<\/strong><\/p>\n<p>W o\u015bwiadczeniu opublikowanym w poniedzia\u0142ek na Truth Social Trump stwierdzi\u0142, \u017ce ameryka\u0144ski przemys\u0142 filmowy zosta\u0142 \u201eskradziony\u201d przez zagranic\u0119, przyr\u00f3wnuj\u0105c to do \u201ezabrania dziecku cukierka\u201d. Jako szczeg\u00f3lnie poszkodowan\u0105 wskaza\u0142 Kaliforni\u0119, jednocze\u015bnie ostro krytykuj\u0105c jej \u201es\u0142abego i niekompetentnego gubernatora\u201d Gavina Newsoma.<\/p>\n<p>\u201eAby zako\u0144czy\u0107 ten wieloletni problem, na\u0142o\u017c\u0119 100% c\u0142o na wszystkie filmy spoza USA\u201d \u2013 og\u0142osi\u0142 prezydent.<\/p>\n<p>Newsom odpowiedzia\u0142, \u017ce ju\u017c wcze\u015bniej pr\u00f3bowa\u0142 wyja\u015bni\u0107 Trumpowi, i\u017c taki krok przyniesie \u201enieodwracalne szkody\u201d dla ameryka\u0144skiej kinematografii, a poniedzia\u0142kow\u0105 decyzj\u0119 nazwa\u0142 \u201ew 100% g\u0142upi\u0105\u201d. By\u0142aby to pierwsza w historii pr\u00f3ba obj\u0119cia film\u00f3w c\u0142ami \u2013 do tej pory uznawano je za w\u0142asno\u015b\u0107 intelektualn\u0105 i element globalnego handlu us\u0142ugami.<\/p>\n<p>Do sprawy odni\u00f3s\u0142 si\u0119 r\u00f3wnie\u017c premier Ontario Doug Ford. Na konferencji prasowej w Hamilton stanowczo sprzeciwi\u0142 si\u0119 s\u0142owom Trumpa, broni\u0105c lokalnego przemys\u0142u filmowego i telewizyjnego.<\/p>\n<p>\u201eNie zgadzam si\u0119 z nim w niczym. Ten cz\u0142owiek doprowadza mnie do sza\u0142u\u201d \u2013 powiedzia\u0142 Ford. \u201eZbudowali\u015bmy bran\u017c\u0119 wart\u0105 3 miliardy dolar\u00f3w i d\u0105\u017cymy do 5 miliard\u00f3w. Nadal b\u0119dziemy inwestowa\u0107 i rozwija\u0107 si\u0119 w tym sektorze\u201d.<\/p>\n<p>Ontario od lat jest jednym z g\u0142\u00f3wnych centr\u00f3w filmowych w Ameryce P\u00f3\u0142nocnej \u2013 Toronto i okolice goszcz\u0105 najwi\u0119ksze hollywoodzkie produkcje, seriale streamingowe oraz projekty krajowe.<\/p>\n<p>\u201eZapomnijcie o prezydencie Trumpie. Skupmy si\u0119 na tym, jak stworzy\u0107 warunki sprzyjaj\u0105ce inwestycjom i wspiera\u0107 naszych ludzi\u201d \u2013 doda\u0142 Ford.<\/p>\n<p>Eksperci ostrzegaj\u0105, \u017ce wprowadzenie ce\u0142 na filmy mo\u017ce spowodowa\u0107 wzrost cen bilet\u00f3w w USA, ograniczy\u0107 dost\u0119p do zagranicznych produkcji oraz zaszkodzi\u0107 relacjom handlowym z kluczowymi partnerami, takimi jak Kanada, Indie czy Wielka Brytania.<\/p>\n<p>***<\/p>\n<p>Donald Trump zapowiedzia\u0142 r\u00f3wnie\u017c wprowadzenie nowych barier handlowych wobec mebli. Wed\u0142ug niego Karolina P\u00f3\u0142nocna utraci\u0142a ca\u0142y sw\u00f3j przemys\u0142 meblarski na rzecz Chin i innych kraj\u00f3w, dlatego wprowadzenie wysokich ce\u0142 na import ma przywr\u00f3ci\u0107 produkcj\u0119 w USA. \u201eSzczeg\u00f3\u0142y wkr\u00f3tce!\u201d \u2013 zapowiedzia\u0142.<\/p>\n<p>Do propozycji Trumpa odnios\u0142a si\u0119 Kanadyjska Izba Handlowa. W o\u015bwiadczeniu podkre\u015blono, \u017ce taki krok m\u00f3g\u0142by powa\u017cnie naruszy\u0107 silnie powi\u0105zany rynek filmowy Ameryki P\u00f3\u0142nocnej. \u201eKanada i USA nie tylko wymieniaj\u0105 si\u0119 filmami, ale tak\u017ce wsp\u00f3lnie je produkuj\u0105. Zniszczenie tego modelu os\u0142abi\u0142oby obie gospodarki i zagrozi\u0142o tysi\u0105com miejsc pracy po obu stronach granicy\u201d \u2013 ostrzeg\u0142a Catherine Fortin-LeFaivre, wiceprezes Izby.<\/p>\n","protected":false},"excerpt":{"rendered":"<p>Prezydent USA Donald Trump zapowiedzia\u0142 wprowadzenie nowych barier handlowych wobec globalnej bran\u017cy filmowej, deklaruj\u0105c na\u0142o\u017cenie stuprocentowego c\u0142a na wszystkie filmy powstaj\u0105ce poza granicami Stan\u00f3w Zjednoczonych.&hellip;<\/p>\n","protected":false},"author":3,"featured_media":4155,"comment_status":"open","ping_status":"open","sticky":false,"template":"","format":"standard","meta":{"footnotes":""},"categories":[15,18],"tags":[],"class_list":["post-4154","post","type-post","status-publish","format-standard","has-post-thumbnail","hentry","category-swiat","category-top-news"],"_links":{"self":[{"href":"https:\/\/radiopoloniawinnipeg.com\/index.php\/wp-json\/wp\/v2\/posts\/4154","targetHints":{"allow":["GET"]}}],"collection":[{"href":"https:\/\/radiopoloniawinnipeg.com\/index.php\/wp-json\/wp\/v2\/posts"}],"about":[{"href":"https:\/\/radiopoloniawinnipeg.com\/index.php\/wp-json\/wp\/v2\/types\/post"}],"author":[{"embeddable":true,"href":"https:\/\/radiopoloniawinnipeg.com\/index.php\/wp-json\/wp\/v2\/users\/3"}],"replies":[{"embeddable":true,"href":"https:\/\/radiopoloniawinnipeg.com\/index.php\/wp-json\/wp\/v2\/comments?post=4154"}],"version-history":[{"count":0,"href":"https:\/\/radiopoloniawinnipeg.com\/index.php\/wp-json\/wp\/v2\/posts\/4154\/revisions"}],"wp:featuredmedia":[{"embeddable":true,"href":"https:\/\/radiopoloniawinnipeg.com\/index.php\/wp-json\/wp\/v2\/media\/4155"}],"wp:attachment":[{"href":"https:\/\/radiopoloniawinnipeg.com\/index.php\/wp-json\/wp\/v2\/media?parent=4154"}],"wp:term":[{"taxonomy":"category","embeddable":true,"href":"https:\/\/radiopoloniawinnipeg.com\/index.php\/wp-json\/wp\/v2\/categories?post=4154"},{"taxonomy":"post_tag","embeddable":true,"href":"https:\/\/radiopoloniawinnipeg.com\/index.php\/wp-json\/wp\/v2\/tags?post=4154"}],"curies":[{"name":"wp","href":"https:\/\/api.w.org\/{rel}","templated":true}]}}