{"id":4168,"date":"2025-09-30T16:30:08","date_gmt":"2025-09-30T20:30:08","guid":{"rendered":"https:\/\/radiopoloniawinnipeg.com\/index.php\/2025\/09\/30\/szkola-runela-na-uczniow-w-indonezji-dziesiatki-osob-pod-gruzami\/"},"modified":"2025-09-30T16:30:08","modified_gmt":"2025-09-30T20:30:08","slug":"szkola-runela-na-uczniow-w-indonezji-dziesiatki-osob-pod-gruzami","status":"publish","type":"post","link":"https:\/\/radiopoloniawinnipeg.com\/index.php\/2025\/09\/30\/szkola-runela-na-uczniow-w-indonezji-dziesiatki-osob-pod-gruzami\/","title":{"rendered":"Szko\u0142a run\u0119\u0142a na uczni\u00f3w w Indonezji, dziesi\u0105tki os\u00f3b pod gruzami"},"content":{"rendered":"<p>&nbsp;<\/p>\n<p><img decoding=\"async\" loading=\"lazy\" class=\"aligncenter size-custom-full-size wp-image-224560\" src=\"https:\/\/bejsment.com\/wp-content\/uploads\/2025\/09\/aaszkola-1-636x358.jpg\" alt=\"\" width=\"636\" height=\"358\" \/><\/p>\n<p><strong>Tragedia wydarzy\u0142a si\u0119 w poniedzia\u0142kowy wiecz\u00f3r w miejscowo\u015bci Sidoarjo, w prowincji Jawa Wschodnia w Indonezji. Dwupi\u0119trowa m\u0119ska szko\u0142a z internatem run\u0119\u0142a podczas wieczornych mod\u0142\u00f3w. W wyniku katastrofy zgin\u0119\u0142y trzy osoby, w tym 13-letni ucze\u0144. 99 os\u00f3b z obra\u017ceniami cia\u0142a przewieziono do szpitala, a kilkadziesi\u0105t wci\u0105\u017c pozostaje uwi\u0119zionych pod gruzami.<\/strong><\/p>\n<p>Jak przekaza\u0142a indonezyjska agencja ds. \u0142agodzenia skutk\u00f3w katastrof, budynek zawali\u0142 si\u0119 w trakcie nielegalnych prac budowlanych. Do istniej\u0105cej konstrukcji dodawano dwa kolejne pi\u0119tra, na kt\u00f3re fundamenty nie by\u0142y przygotowane. \u2013 To nag\u0142e zdarzenie spowodowa\u0142o, \u017ce materia\u0142y budowlane spad\u0142y na dziesi\u0105tki uczni\u00f3w i pracownik\u00f3w \u2013 wyja\u015bni\u0142 rzecznik agencji Abdul Muhari.<\/p>\n<p>Pod gruzami mog\u0105 nadal znajdowa\u0107 si\u0119 ch\u0142opcy w wieku 12\u201317 lat. Ratownicy, policjanci i \u017co\u0142nierze przez ca\u0142\u0105 noc usuwali zniszczone elementy budynku, staraj\u0105c si\u0119 dotrze\u0107 do uwi\u0119zionych. Tym, kt\u00f3rzy prze\u017cyli, podawano tlen i wod\u0119. S\u0142u\u017cby ostrzegaj\u0105, \u017ce bilans ofiar \u015bmiertelnych mo\u017ce wzrosn\u0105\u0107 w najbli\u017cszych godzinach.<\/p>\n<p>Akcja ratunkowa wci\u0105\u017c trwa, a wok\u00f3\u0142 miejsca tragedii gromadz\u0105 si\u0119 rodziny poszkodowanych uczni\u00f3w.<\/p>\n","protected":false},"excerpt":{"rendered":"<p>&nbsp; Tragedia wydarzy\u0142a si\u0119 w poniedzia\u0142kowy wiecz\u00f3r w miejscowo\u015bci Sidoarjo, w prowincji Jawa Wschodnia w Indonezji. Dwupi\u0119trowa m\u0119ska szko\u0142a z internatem run\u0119\u0142a podczas wieczornych mod\u0142\u00f3w.&hellip;<\/p>\n","protected":false},"author":3,"featured_media":4169,"comment_status":"open","ping_status":"open","sticky":false,"template":"","format":"standard","meta":{"footnotes":""},"categories":[15,18],"tags":[],"class_list":["post-4168","post","type-post","status-publish","format-standard","has-post-thumbnail","hentry","category-swiat","category-top-news"],"_links":{"self":[{"href":"https:\/\/radiopoloniawinnipeg.com\/index.php\/wp-json\/wp\/v2\/posts\/4168","targetHints":{"allow":["GET"]}}],"collection":[{"href":"https:\/\/radiopoloniawinnipeg.com\/index.php\/wp-json\/wp\/v2\/posts"}],"about":[{"href":"https:\/\/radiopoloniawinnipeg.com\/index.php\/wp-json\/wp\/v2\/types\/post"}],"author":[{"embeddable":true,"href":"https:\/\/radiopoloniawinnipeg.com\/index.php\/wp-json\/wp\/v2\/users\/3"}],"replies":[{"embeddable":true,"href":"https:\/\/radiopoloniawinnipeg.com\/index.php\/wp-json\/wp\/v2\/comments?post=4168"}],"version-history":[{"count":0,"href":"https:\/\/radiopoloniawinnipeg.com\/index.php\/wp-json\/wp\/v2\/posts\/4168\/revisions"}],"wp:featuredmedia":[{"embeddable":true,"href":"https:\/\/radiopoloniawinnipeg.com\/index.php\/wp-json\/wp\/v2\/media\/4169"}],"wp:attachment":[{"href":"https:\/\/radiopoloniawinnipeg.com\/index.php\/wp-json\/wp\/v2\/media?parent=4168"}],"wp:term":[{"taxonomy":"category","embeddable":true,"href":"https:\/\/radiopoloniawinnipeg.com\/index.php\/wp-json\/wp\/v2\/categories?post=4168"},{"taxonomy":"post_tag","embeddable":true,"href":"https:\/\/radiopoloniawinnipeg.com\/index.php\/wp-json\/wp\/v2\/tags?post=4168"}],"curies":[{"name":"wp","href":"https:\/\/api.w.org\/{rel}","templated":true}]}}